{"id":2801,"date":"2022-12-14T21:08:56","date_gmt":"2022-12-15T02:08:56","guid":{"rendered":"https:\/\/deninsonmendoza.com\/?p=2801"},"modified":"2022-12-22T01:26:05","modified_gmt":"2022-12-22T06:26:05","slug":"los-calenos-necesitamos-un-complejo-artistico-y-cultural","status":"publish","type":"post","link":"https:\/\/deninsonmendoza.com\/index.php\/2022\/12\/14\/los-calenos-necesitamos-un-complejo-artistico-y-cultural\/","title":{"rendered":"Los Cale\u00f1os necesitamos un complejo art\u00edstico y cultural."},"content":{"rendered":"\n<p>Una de las ventajas que me ha permitido caminar mi ciudad por estos d\u00edas es encontrarme con muchos y muchas j\u00f3venes con m\u00faltiples talentos art\u00edsticos y culturales que quieren aportarle a la ciudad. En los barrios me he encontrado pelaos que desde peque\u00f1os llevan en la sangre la salsa y sue\u00f1an con viajar por el mundo llevando el ritmo cale\u00f1o a los mejores escenarios. J\u00f3venes que con su arte buscan ganarse cupos en los museos m\u00e1s importantes. Cali est\u00e1 llena de talentos, muchos de ellos, sin las mejores ventanas.<\/p>\n\n\n\n<p>No tengo la menor duda al indicar que mi ciudad ha crecido culturalmente. Hoy vivimos en una que lleva impregnado su nombre: <strong>DISTRITO CULTURAL Y TUR\u00cdSTICO. <\/strong>Cada d\u00eda nos hacemos m\u00e1s expertos en la ejecuci\u00f3n de grandes proyectos, que tienen todo el potencial de grandes eventos, pero que estoy convencido, se quedan cortos en espacio.<\/p>\n\n\n\n<figure class=\"wp-block-image size-full\"><img loading=\"lazy\" decoding=\"async\" width=\"800\" height=\"540\" src=\"https:\/\/deninsonmendoza.com\/wp-content\/uploads\/2022\/12\/6223743238_a94c968610_c.jpg\" alt=\"\" class=\"wp-image-2804\" srcset=\"https:\/\/deninsonmendoza.com\/wp-content\/uploads\/2022\/12\/6223743238_a94c968610_c.jpg 800w, https:\/\/deninsonmendoza.com\/wp-content\/uploads\/2022\/12\/6223743238_a94c968610_c-300x203.jpg 300w, https:\/\/deninsonmendoza.com\/wp-content\/uploads\/2022\/12\/6223743238_a94c968610_c-768x518.jpg 768w, https:\/\/deninsonmendoza.com\/wp-content\/uploads\/2022\/12\/6223743238_a94c968610_c-370x250.jpg 370w, https:\/\/deninsonmendoza.com\/wp-content\/uploads\/2022\/12\/6223743238_a94c968610_c-740x500.jpg 740w, https:\/\/deninsonmendoza.com\/wp-content\/uploads\/2022\/12\/6223743238_a94c968610_c-450x304.jpg 450w, https:\/\/deninsonmendoza.com\/wp-content\/uploads\/2022\/12\/6223743238_a94c968610_c-780x527.jpg 780w\" sizes=\"auto, (max-width: 800px) 100vw, 800px\" \/><figcaption class=\"wp-element-caption\">Foto: @<a href=\"https:\/\/www.flickr.com\/photos\/solrobayo\/\" target=\"_blank\" rel=\"noopener\">Sol Robayo<\/a><\/figcaption><\/figure>\n\n\n\n<p><strong>Las cifras lo avalan. La pasada Feria de Cali recibi\u00f3 a m\u00e1s de un mill\u00f3n de asistentes. El Petronio \u00c1lvarez, quiz\u00e1 el evento m\u00e1s grande de la ciudad, despu\u00e9s de la Feria, tuvo la visita de m\u00e1s de 235 mil personas.<\/strong> Los cale\u00f1os sabemos responder a los actos culturales, pero estos no cuentan con un espacio digno para su realizaci\u00f3n.<\/p>\n\n\n\n<p>Nuestra ciudad cuenta hoy con m\u00e1s de 20 eventos o festivales culturales que, mes a mes, se encargan de dinamizar la econom\u00eda. Las recientes cifras del Dane lo demuestran. <strong>La menor tasa de desempleo del pa\u00eds (9.8%) <\/strong>es una muestra de que la cultura de la ciudad permite encontrar beneficios no solo para quienes lo practican, si no, para un c\u00edrculo social sobre los que ellos se movilizan.<\/p>\n\n\n\n<figure class=\"wp-block-image size-full\"><img loading=\"lazy\" decoding=\"async\" width=\"800\" height=\"600\" src=\"https:\/\/deninsonmendoza.com\/wp-content\/uploads\/2022\/12\/10872223523_f700932843_c.jpg\" alt=\"\" class=\"wp-image-2805\" srcset=\"https:\/\/deninsonmendoza.com\/wp-content\/uploads\/2022\/12\/10872223523_f700932843_c.jpg 800w, https:\/\/deninsonmendoza.com\/wp-content\/uploads\/2022\/12\/10872223523_f700932843_c-300x225.jpg 300w, https:\/\/deninsonmendoza.com\/wp-content\/uploads\/2022\/12\/10872223523_f700932843_c-768x576.jpg 768w, https:\/\/deninsonmendoza.com\/wp-content\/uploads\/2022\/12\/10872223523_f700932843_c-280x210.jpg 280w, https:\/\/deninsonmendoza.com\/wp-content\/uploads\/2022\/12\/10872223523_f700932843_c-560x420.jpg 560w, https:\/\/deninsonmendoza.com\/wp-content\/uploads\/2022\/12\/10872223523_f700932843_c-450x338.jpg 450w, https:\/\/deninsonmendoza.com\/wp-content\/uploads\/2022\/12\/10872223523_f700932843_c-780x585.jpg 780w\" sizes=\"auto, (max-width: 800px) 100vw, 800px\" \/><figcaption class=\"wp-element-caption\">Foto: <a href=\"https:\/\/www.flickr.com\/photos\/88574456@N00\/\" target=\"_blank\" rel=\"noopener\">Patricia Renjifo<\/a><\/figcaption><\/figure>\n\n\n\n<p>La labor del exsecretario de Cultura Ronald Mayorga, le dio un nuevo respiro a la ciudad despu\u00e9s de una \u00e9poca de pandemia que afect\u00f3 al gremio y que, bajo su labor, logr\u00f3 levantarse y poner los tradicionales y grandes eventos de ciudad al servicio de los cale\u00f1os, promoviendo nuevos espacios como los del Sucursal Fest. Verdaderos espacios de inclusi\u00f3n.<\/p>\n\n\n\n<p>Sin embargo, la ejecuci\u00f3n de estos eventos terminan, de cierta manera, afectando espacios. Por ejemplo; alquilar el estadio para un gran concierto anula las actividades deportivas o da\u00f1a la gramilla, la ejecuci\u00f3n de la Ciudadela Petronio perjudica la estabilidad de sus vecinos en El Lido, debido al impacto auditivo. Finalmente, ninguno de esos est\u00e1 preparado y listo para recibir la cultural y la m\u00fasica en la ciudad.<\/p>\n\n\n\n<figure class=\"wp-block-image size-large\"><img loading=\"lazy\" decoding=\"async\" width=\"1024\" height=\"682\" src=\"https:\/\/deninsonmendoza.com\/wp-content\/uploads\/2022\/12\/9bf658f7-c4ce-4bb9-9c5c-6fc61482371e-1-1024x682.jpg\" alt=\"\" class=\"wp-image-2806\" srcset=\"https:\/\/deninsonmendoza.com\/wp-content\/uploads\/2022\/12\/9bf658f7-c4ce-4bb9-9c5c-6fc61482371e-1-1024x682.jpg 1024w, https:\/\/deninsonmendoza.com\/wp-content\/uploads\/2022\/12\/9bf658f7-c4ce-4bb9-9c5c-6fc61482371e-1-300x200.jpg 300w, https:\/\/deninsonmendoza.com\/wp-content\/uploads\/2022\/12\/9bf658f7-c4ce-4bb9-9c5c-6fc61482371e-1-768x512.jpg 768w, https:\/\/deninsonmendoza.com\/wp-content\/uploads\/2022\/12\/9bf658f7-c4ce-4bb9-9c5c-6fc61482371e-1-450x300.jpg 450w, https:\/\/deninsonmendoza.com\/wp-content\/uploads\/2022\/12\/9bf658f7-c4ce-4bb9-9c5c-6fc61482371e-1-780x520.jpg 780w, https:\/\/deninsonmendoza.com\/wp-content\/uploads\/2022\/12\/9bf658f7-c4ce-4bb9-9c5c-6fc61482371e-1.jpg 1217w\" sizes=\"auto, (max-width: 1024px) 100vw, 1024px\" \/><\/figure>\n\n\n\n<p>Cali est\u00e1 lista en sus movimientos culturales para internacionalizar sus ra\u00edces. Pero, <strong>\u00bfD\u00f3nde se hacen?<\/strong> O mejor, pregunt\u00e9monos <strong>\u00bfCu\u00e1l es el mejor escenario de la ciudad para que, en un mismo espacio, puedan encontrarse m\u00faltiples expresiones?. <\/strong>Todos los a\u00f1os tenemos las mismas preguntas. No tener los escenarios id\u00f3neos para esto provoca que no los tengamos con mayor intensidad, lo que a la final repercute en que los grandes artistas no miren la ciudad y se queden en Bogot\u00e1 o en Medell\u00edn.<\/p>\n\n\n\n<p>Cada a\u00f1o entramos en la misma discusi\u00f3n: \u00bfD\u00f3nde hacemos el Petronio, por d\u00f3nde pasamos el Sals\u00f3dromo, d\u00f3nde nos llevamos el Festival Mundial de Salsa?<\/p>\n\n\n\n<figure class=\"wp-block-image size-full\"><img loading=\"lazy\" decoding=\"async\" width=\"600\" height=\"401\" src=\"https:\/\/deninsonmendoza.com\/wp-content\/uploads\/2022\/12\/FRA000042.jpg.preview.jpg\" alt=\"\" class=\"wp-image-2807\" srcset=\"https:\/\/deninsonmendoza.com\/wp-content\/uploads\/2022\/12\/FRA000042.jpg.preview.jpg 600w, https:\/\/deninsonmendoza.com\/wp-content\/uploads\/2022\/12\/FRA000042.jpg.preview-300x201.jpg 300w, https:\/\/deninsonmendoza.com\/wp-content\/uploads\/2022\/12\/FRA000042.jpg.preview-450x301.jpg 450w\" sizes=\"auto, (max-width: 600px) 100vw, 600px\" \/><figcaption class=\"wp-element-caption\">Foto: Biblioteca Departamental<\/figcaption><\/figure>\n\n\n\n<p><strong>Es sencillo. Nuestra Cali necesita de un COMPLEJO CULTURAL, MUSICAL Y ART\u00cdSTICO<\/strong> que re\u00fana a los mejores exponentes todo el a\u00f1o, y digo convencido, no es descabellado pensarlo. Un escenario exclusivo para la cultura que siga fortaleciendo los emprendimientos de estas expresiones, pero no por un periodo m\u00ednimo de tiempo, si no, todo el a\u00f1o.<\/p>\n\n\n\n<p>Y si a eso les sumamos la presencia de grandes artistas internacionales, que pongan dentro de sus agendas el arribo a nuestra ciudad como un objetivo aspiracional en su carrera, estoy seguro que continuamos abri\u00e9ndole camino a esos j\u00f3venes que, en sus barrios, sue\u00f1an con vivir de la industria por el mundo. Cali est\u00e1 lista para el siguiente paso.<strong>\u00a1Vamos Cali!<\/strong><\/p>\n","protected":false},"excerpt":{"rendered":"<p>Una de las ventajas que me ha permitido caminar mi ciudad por estos d\u00edas es encontrarme con muchos y muchas j\u00f3venes con m\u00faltiples talentos art\u00edsticos y culturales que quieren aportarle a la ciudad. En los barrios me he encontrado pelaos que desde peque\u00f1os llevan en la sangre la salsa y sue\u00f1an con viajar por el [&hellip;]<\/p>\n","protected":false},"author":1,"featured_media":2803,"comment_status":"open","ping_status":"open","sticky":false,"template":"","format":"standard","meta":{"om_disable_all_campaigns":false,"_monsterinsights_skip_tracking":false,"_monsterinsights_sitenote_active":false,"_monsterinsights_sitenote_note":"","_monsterinsights_sitenote_category":0,"footnotes":""},"categories":[18],"tags":[],"class_list":{"0":"post-2801","1":"post","2":"type-post","3":"status-publish","4":"format-standard","5":"has-post-thumbnail","7":"category-opinion"},"aioseo_notices":[],"_links":{"self":[{"href":"https:\/\/deninsonmendoza.com\/index.php\/wp-json\/wp\/v2\/posts\/2801","targetHints":{"allow":["GET"]}}],"collection":[{"href":"https:\/\/deninsonmendoza.com\/index.php\/wp-json\/wp\/v2\/posts"}],"about":[{"href":"https:\/\/deninsonmendoza.com\/index.php\/wp-json\/wp\/v2\/types\/post"}],"author":[{"embeddable":true,"href":"https:\/\/deninsonmendoza.com\/index.php\/wp-json\/wp\/v2\/users\/1"}],"replies":[{"embeddable":true,"href":"https:\/\/deninsonmendoza.com\/index.php\/wp-json\/wp\/v2\/comments?post=2801"}],"version-history":[{"count":2,"href":"https:\/\/deninsonmendoza.com\/index.php\/wp-json\/wp\/v2\/posts\/2801\/revisions"}],"predecessor-version":[{"id":2808,"href":"https:\/\/deninsonmendoza.com\/index.php\/wp-json\/wp\/v2\/posts\/2801\/revisions\/2808"}],"wp:featuredmedia":[{"embeddable":true,"href":"https:\/\/deninsonmendoza.com\/index.php\/wp-json\/wp\/v2\/media\/2803"}],"wp:attachment":[{"href":"https:\/\/deninsonmendoza.com\/index.php\/wp-json\/wp\/v2\/media?parent=2801"}],"wp:term":[{"taxonomy":"category","embeddable":true,"href":"https:\/\/deninsonmendoza.com\/index.php\/wp-json\/wp\/v2\/categories?post=2801"},{"taxonomy":"post_tag","embeddable":true,"href":"https:\/\/deninsonmendoza.com\/index.php\/wp-json\/wp\/v2\/tags?post=2801"}],"curies":[{"name":"wp","href":"https:\/\/api.w.org\/{rel}","templated":true}]}}