{"id":2814,"date":"2022-12-30T13:40:38","date_gmt":"2022-12-30T18:40:38","guid":{"rendered":"https:\/\/deninsonmendoza.com\/?p=2814"},"modified":"2022-12-30T13:40:40","modified_gmt":"2022-12-30T18:40:40","slug":"la-feria-de-cali-amor-propio","status":"publish","type":"post","link":"https:\/\/deninsonmendoza.com\/index.php\/2022\/12\/30\/la-feria-de-cali-amor-propio\/","title":{"rendered":"La Feria de Cali, amor propio"},"content":{"rendered":"\n<p>Para vos \u00bfCu\u00e1l es la mejor Feria de Colombia?. Depende de donde seas. Para m\u00ed, cale\u00f1o, nacido, criado y enamorado de esta ciudad, la Feria de Cali es la mejor del mundo. Si me lees de otra ciudad, quiz\u00e1 Manizales o Pasto, su Feria o Carnaval, deber\u00e1n ser las mejores. Y, \u00bfsabes por qu\u00e9 pasa eso? Por el arraigo, por el cari\u00f1o, por el sentido de pertenencia y amor por lo propio.<\/p>\n\n\n\n<p>Y eso es lo que quiz\u00e1 tenemos que reforzar en nuestra querida Cali. Esa ciudad que acoge migrantes, que recibe extranjeros, como lo hace nuestro \u00edcono de ciudad, Cristo Rey, con los brazos abiertos, que adorna con calidez, arte y cultura las navidades en Colombia.<\/p>\n\n\n\n<figure class=\"wp-block-image size-full\"><img loading=\"lazy\" decoding=\"async\" width=\"980\" height=\"590\" src=\"https:\/\/deninsonmendoza.com\/wp-content\/uploads\/2022\/12\/feria2.jpeg\" alt=\"\" class=\"wp-image-2815\" srcset=\"https:\/\/deninsonmendoza.com\/wp-content\/uploads\/2022\/12\/feria2.jpeg 980w, https:\/\/deninsonmendoza.com\/wp-content\/uploads\/2022\/12\/feria2-300x181.jpeg 300w, https:\/\/deninsonmendoza.com\/wp-content\/uploads\/2022\/12\/feria2-768x462.jpeg 768w, https:\/\/deninsonmendoza.com\/wp-content\/uploads\/2022\/12\/feria2-450x271.jpeg 450w, https:\/\/deninsonmendoza.com\/wp-content\/uploads\/2022\/12\/feria2-780x470.jpeg 780w\" sizes=\"auto, (max-width: 980px) 100vw, 980px\" \/><\/figure>\n\n\n\n<p><strong>La Feria de Cali<\/strong> re\u00fane la <strong>cale\u00f1idad <\/strong>que se a\u00f1ora durante el resto d\u00edas del a\u00f1o. Seis d\u00edas en donde se integran las clases sociales en mismos espacios de diversi\u00f3n, cultura, gastronom\u00eda y mucha salsa, que recuperan el sentido de pertenencia de la ciudad.<\/p>\n\n\n\n<p>Es cierto. Los cale\u00f1os se distanciaron del amor por su ciudad, quiz\u00e1, con alta responsabilidad de las \u00faltimas administraciones municipales y sus p\u00e9simas alcald\u00edas, los recurrentes casos de corrupci\u00f3n en las empresas municipales, el abandono social, que perjudicaron la confianza de propios y visitantes de lo que realmente era nuestra ciudad.<\/p>\n\n\n\n<figure class=\"wp-block-image size-full\"><img loading=\"lazy\" decoding=\"async\" width=\"1024\" height=\"1024\" src=\"https:\/\/deninsonmendoza.com\/wp-content\/uploads\/2022\/12\/feria3.jpg\" alt=\"\" class=\"wp-image-2816\" srcset=\"https:\/\/deninsonmendoza.com\/wp-content\/uploads\/2022\/12\/feria3.jpg 1024w, https:\/\/deninsonmendoza.com\/wp-content\/uploads\/2022\/12\/feria3-300x300.jpg 300w, https:\/\/deninsonmendoza.com\/wp-content\/uploads\/2022\/12\/feria3-150x150.jpg 150w, https:\/\/deninsonmendoza.com\/wp-content\/uploads\/2022\/12\/feria3-768x768.jpg 768w, https:\/\/deninsonmendoza.com\/wp-content\/uploads\/2022\/12\/feria3-450x450.jpg 450w, https:\/\/deninsonmendoza.com\/wp-content\/uploads\/2022\/12\/feria3-780x780.jpg 780w\" sizes=\"auto, (max-width: 1024px) 100vw, 1024px\" \/><\/figure>\n\n\n\n<p>Recuperar la confianza de los ciudadanos ser\u00e1 una tarea que deber\u00e1 asumir la pr\u00f3xima administraci\u00f3n municipal, reinventarse una ciudad despu\u00e9s de este cuatrenio golpeado por m\u00faltiples factores que terminaron de resquebrajar el coraz\u00f3n de Cali.<\/p>\n\n\n\n<p>Mientras tanto, la tarea de quienes buscamos alternativas para ganarnos la confianza de los cale\u00f1os ser\u00e1 continuar escuchando activamente a la gente, que nos lleve a entender cu\u00e1les son sus verdaderas necesidades y construir desde la base popular y no desde lo que un escritorio o un estudio de mercado, refleja. A Cali la salvamos entre todos, as\u00ed como nos gozamos juntos una pachanga, un concierto, una verbena o un desfile. La capacidad de construir una sociedad colectiva, es la que debe prevalecer en quienes en cada una de las acciones que se planeen de aqu\u00ed en adelante.<\/p>\n\n\n\n<figure class=\"wp-block-image size-full\"><img loading=\"lazy\" decoding=\"async\" width=\"853\" height=\"569\" src=\"https:\/\/deninsonmendoza.com\/wp-content\/uploads\/2022\/12\/feria4.jpg\" alt=\"\" class=\"wp-image-2817\" srcset=\"https:\/\/deninsonmendoza.com\/wp-content\/uploads\/2022\/12\/feria4.jpg 853w, https:\/\/deninsonmendoza.com\/wp-content\/uploads\/2022\/12\/feria4-300x200.jpg 300w, https:\/\/deninsonmendoza.com\/wp-content\/uploads\/2022\/12\/feria4-768x512.jpg 768w, https:\/\/deninsonmendoza.com\/wp-content\/uploads\/2022\/12\/feria4-450x300.jpg 450w, https:\/\/deninsonmendoza.com\/wp-content\/uploads\/2022\/12\/feria4-780x520.jpg 780w\" sizes=\"auto, (max-width: 853px) 100vw, 853px\" \/><\/figure>\n\n\n\n<p>Estoy convencido que los grandes problemas que tiene Cali los resolveremos de la mano de cada vecino, de cada compa\u00f1ero y cada ciudadano que vea en su barrio el mejor espacio para vivir, para salir adelante, generar riqueza y hacer familia.<\/p>\n\n\n\n<p>La alegr\u00eda de los cale\u00f1os no se perder\u00e1 solo por el final de la feria, eso lo llevamos en la sangre y es esa misma sonrisa la que deberemos expresar para rescatar la ciudad.<\/p>\n\n\n\n<p><strong>TE AMO Santiago de Cali<\/strong>, deseo para ti en este <strong>2023 <\/strong>que el amor sea el \u00fanico camino que nos lleve a sentir en tu brisa cale\u00f1a un nuevo grito de independencia. <strong>Vamos Cali<\/strong>.<\/p>\n","protected":false},"excerpt":{"rendered":"<p>Para vos \u00bfCu\u00e1l es la mejor Feria de Colombia?. Depende de donde seas. Para m\u00ed, cale\u00f1o, nacido, criado y enamorado de esta ciudad, la Feria de Cali es la mejor del mundo. Si me lees de otra ciudad, quiz\u00e1 Manizales o Pasto, su Feria o Carnaval, deber\u00e1n ser las mejores. Y, \u00bfsabes por qu\u00e9 pasa [&hellip;]<\/p>\n","protected":false},"author":1,"featured_media":2815,"comment_status":"open","ping_status":"open","sticky":false,"template":"","format":"standard","meta":{"om_disable_all_campaigns":false,"_monsterinsights_skip_tracking":false,"_monsterinsights_sitenote_active":false,"_monsterinsights_sitenote_note":"","_monsterinsights_sitenote_category":0,"footnotes":""},"categories":[18],"tags":[],"class_list":{"0":"post-2814","1":"post","2":"type-post","3":"status-publish","4":"format-standard","5":"has-post-thumbnail","7":"category-opinion"},"aioseo_notices":[],"_links":{"self":[{"href":"https:\/\/deninsonmendoza.com\/index.php\/wp-json\/wp\/v2\/posts\/2814","targetHints":{"allow":["GET"]}}],"collection":[{"href":"https:\/\/deninsonmendoza.com\/index.php\/wp-json\/wp\/v2\/posts"}],"about":[{"href":"https:\/\/deninsonmendoza.com\/index.php\/wp-json\/wp\/v2\/types\/post"}],"author":[{"embeddable":true,"href":"https:\/\/deninsonmendoza.com\/index.php\/wp-json\/wp\/v2\/users\/1"}],"replies":[{"embeddable":true,"href":"https:\/\/deninsonmendoza.com\/index.php\/wp-json\/wp\/v2\/comments?post=2814"}],"version-history":[{"count":1,"href":"https:\/\/deninsonmendoza.com\/index.php\/wp-json\/wp\/v2\/posts\/2814\/revisions"}],"predecessor-version":[{"id":2818,"href":"https:\/\/deninsonmendoza.com\/index.php\/wp-json\/wp\/v2\/posts\/2814\/revisions\/2818"}],"wp:featuredmedia":[{"embeddable":true,"href":"https:\/\/deninsonmendoza.com\/index.php\/wp-json\/wp\/v2\/media\/2815"}],"wp:attachment":[{"href":"https:\/\/deninsonmendoza.com\/index.php\/wp-json\/wp\/v2\/media?parent=2814"}],"wp:term":[{"taxonomy":"category","embeddable":true,"href":"https:\/\/deninsonmendoza.com\/index.php\/wp-json\/wp\/v2\/categories?post=2814"},{"taxonomy":"post_tag","embeddable":true,"href":"https:\/\/deninsonmendoza.com\/index.php\/wp-json\/wp\/v2\/tags?post=2814"}],"curies":[{"name":"wp","href":"https:\/\/api.w.org\/{rel}","templated":true}]}}