{"id":2859,"date":"2023-01-24T16:21:41","date_gmt":"2023-01-24T21:21:41","guid":{"rendered":"https:\/\/deninsonmendoza.com\/?p=2859"},"modified":"2023-01-24T16:21:43","modified_gmt":"2023-01-24T21:21:43","slug":"tenemos-que-sudarnos-la-camiseta-por-cali","status":"publish","type":"post","link":"https:\/\/deninsonmendoza.com\/index.php\/2023\/01\/24\/tenemos-que-sudarnos-la-camiseta-por-cali\/","title":{"rendered":"Tenemos que sudarnos la camiseta por Cali"},"content":{"rendered":"\n<p>De las principales tareas que tendr\u00e1 el pr\u00f3ximo <strong>Alcalde<\/strong> de los cale\u00f1os y cale\u00f1as, es la de seguir encontrando espacios en donde los j\u00f3venes, ni\u00f1os y ni\u00f1as de la ciudad se incorporen activamente al deporte y la cultura.<\/p>\n\n\n\n<p>La consolidaci\u00f3n de <strong>Cali<\/strong> como <strong>Distrito Deportivo en 2023<\/strong> est\u00e1 evidenciado en los grandes torneos y cert\u00e1menes que ha recibido en a\u00f1os anteriores y que recibir\u00e1 la ciudad, entre ellos el <strong>Sudamericano masculino Sub 20 y la Copa Libertadores Femenina en Colombia<\/strong>, en donde, nuevamente <strong>Cali<\/strong>, ser\u00e1 la anfitriona. Y qu\u00e9 hablar del <strong>Mundial Junior de Ciclismo de Pista<\/strong> que sobre el mes de septiembre estar\u00e1 en el <strong>coliseo Alcides Nieto Pati\u00f1o<\/strong>, entre muchos otros eventos, que nos consolidan como la potencia deportiva del pa\u00eds.<\/p>\n\n\n\n<figure class=\"wp-block-image size-full\"><img loading=\"lazy\" decoding=\"async\" width=\"700\" height=\"317\" src=\"https:\/\/deninsonmendoza.com\/wp-content\/uploads\/2023\/01\/calidepor.jpg\" alt=\"\" class=\"wp-image-2860\" srcset=\"https:\/\/deninsonmendoza.com\/wp-content\/uploads\/2023\/01\/calidepor.jpg 700w, https:\/\/deninsonmendoza.com\/wp-content\/uploads\/2023\/01\/calidepor-300x136.jpg 300w, https:\/\/deninsonmendoza.com\/wp-content\/uploads\/2023\/01\/calidepor-450x204.jpg 450w\" sizes=\"auto, (max-width: 700px) 100vw, 700px\" \/><\/figure>\n\n\n\n<p>Para nosotros el <strong>DEPORTE<\/strong> es uno de los canales m\u00e1s potentes para ofrecer oportunidades reales a los j\u00f3venes, pues muchos de ellos sue\u00f1an con trascender en sus disciplinas deportivas e impulsar a m\u00e1s atletas en sus barrios.<\/p>\n\n\n\n<p>Pero tambi\u00e9n tenemos que involucrar a todos los barrios y comunas de <strong>Cali<\/strong> en procesos de formaci\u00f3n que mediante la psicolog\u00eda deportiva ayudar\u00e1n a transformar sus propias realidades. Se trata de cultivar a nuestros j\u00f3venes en la f\u00edsica y la t\u00e9cnica de su disciplina; pero tambi\u00e9n formarlos con herramientas de establecimiento de objetivos, visualizaci\u00f3n, t\u00e9cnicas motivacionales, resoluci\u00f3n de conflictos y cohesi\u00f3n de equipo para cambiar los malos h\u00e1bitos. Tenemos que aterrizar las pol\u00edticas a los barrios y sostener, recuperar y potencializar los escenarios deportivos en cada comuna.<\/p>\n\n\n\n<figure class=\"wp-block-image size-full\"><img loading=\"lazy\" decoding=\"async\" width=\"700\" height=\"317\" src=\"https:\/\/deninsonmendoza.com\/wp-content\/uploads\/2023\/01\/velodromo.jpg\" alt=\"\" class=\"wp-image-2861\" srcset=\"https:\/\/deninsonmendoza.com\/wp-content\/uploads\/2023\/01\/velodromo.jpg 700w, https:\/\/deninsonmendoza.com\/wp-content\/uploads\/2023\/01\/velodromo-300x136.jpg 300w, https:\/\/deninsonmendoza.com\/wp-content\/uploads\/2023\/01\/velodromo-450x204.jpg 450w\" sizes=\"auto, (max-width: 700px) 100vw, 700px\" \/><\/figure>\n\n\n\n<p><strong>\u00a1VAMOS CALI!<\/strong>, el deporte, es uno de los caminos m\u00e1s sanos, fuertes y duraderos que podemos implementar para lograr el <strong>CAMBIO<\/strong> que nuestra ciudad necesita.<\/p>\n\n\n\n<p>Recuperar el sentido de pertenencia y el <strong>AMOR<\/strong> por nuestra ciudad es como sudar una camiseta, porque lo entregamos todo hasta el final. Los deportistas est\u00e1 haciendo el trabajo por nuestra ciudad, \u00bfy vos?.<\/p>\n","protected":false},"excerpt":{"rendered":"<p>De las principales tareas que tendr\u00e1 el pr\u00f3ximo Alcalde de los cale\u00f1os y cale\u00f1as, es la de seguir encontrando espacios en donde los j\u00f3venes, ni\u00f1os y ni\u00f1as de la ciudad se incorporen activamente al deporte y la cultura. La consolidaci\u00f3n de Cali como Distrito Deportivo en 2023 est\u00e1 evidenciado en los grandes torneos y cert\u00e1menes [&hellip;]<\/p>\n","protected":false},"author":1,"featured_media":2860,"comment_status":"open","ping_status":"open","sticky":false,"template":"","format":"standard","meta":{"om_disable_all_campaigns":false,"_monsterinsights_skip_tracking":false,"_monsterinsights_sitenote_active":false,"_monsterinsights_sitenote_note":"","_monsterinsights_sitenote_category":0,"footnotes":""},"categories":[18],"tags":[],"class_list":{"0":"post-2859","1":"post","2":"type-post","3":"status-publish","4":"format-standard","5":"has-post-thumbnail","7":"category-opinion"},"aioseo_notices":[],"_links":{"self":[{"href":"https:\/\/deninsonmendoza.com\/index.php\/wp-json\/wp\/v2\/posts\/2859","targetHints":{"allow":["GET"]}}],"collection":[{"href":"https:\/\/deninsonmendoza.com\/index.php\/wp-json\/wp\/v2\/posts"}],"about":[{"href":"https:\/\/deninsonmendoza.com\/index.php\/wp-json\/wp\/v2\/types\/post"}],"author":[{"embeddable":true,"href":"https:\/\/deninsonmendoza.com\/index.php\/wp-json\/wp\/v2\/users\/1"}],"replies":[{"embeddable":true,"href":"https:\/\/deninsonmendoza.com\/index.php\/wp-json\/wp\/v2\/comments?post=2859"}],"version-history":[{"count":1,"href":"https:\/\/deninsonmendoza.com\/index.php\/wp-json\/wp\/v2\/posts\/2859\/revisions"}],"predecessor-version":[{"id":2863,"href":"https:\/\/deninsonmendoza.com\/index.php\/wp-json\/wp\/v2\/posts\/2859\/revisions\/2863"}],"wp:featuredmedia":[{"embeddable":true,"href":"https:\/\/deninsonmendoza.com\/index.php\/wp-json\/wp\/v2\/media\/2860"}],"wp:attachment":[{"href":"https:\/\/deninsonmendoza.com\/index.php\/wp-json\/wp\/v2\/media?parent=2859"}],"wp:term":[{"taxonomy":"category","embeddable":true,"href":"https:\/\/deninsonmendoza.com\/index.php\/wp-json\/wp\/v2\/categories?post=2859"},{"taxonomy":"post_tag","embeddable":true,"href":"https:\/\/deninsonmendoza.com\/index.php\/wp-json\/wp\/v2\/tags?post=2859"}],"curies":[{"name":"wp","href":"https:\/\/api.w.org\/{rel}","templated":true}]}}