{"id":3027,"date":"2023-05-02T12:29:51","date_gmt":"2023-05-02T17:29:51","guid":{"rendered":"https:\/\/deninsonmendoza.com\/?p=3027"},"modified":"2023-05-03T10:47:15","modified_gmt":"2023-05-03T15:47:15","slug":"que-hacer-con-la-violencia-de-las-barras-populares-en-cali","status":"publish","type":"post","link":"https:\/\/deninsonmendoza.com\/index.php\/2023\/05\/02\/que-hacer-con-la-violencia-de-las-barras-populares-en-cali\/","title":{"rendered":"\u00bfQu\u00e9 hacer con la violencia de las barras populares en Cali?"},"content":{"rendered":"\n<p>Si bien es cierto que la soluci\u00f3n para mitigar el impacto social de las barras populares en Cali y en Colombia no depende exclusivamente del alcalde, si no, de la articulaci\u00f3n de distintas instituciones que permitan el impacto sobre las mismas; la construcci\u00f3n y bienestar de la ciudad, en torno a ellas, s\u00ed.<\/p>\n\n\n\n<p>Y aunque es bien conocido que las \u00faltimas administraciones han adelantado un proceso con las barras populares en distintas acciones, a trav\u00e9s de la conformaci\u00f3n de la pol\u00edtica p\u00fablica Distrital, sumado a los avances que realiza el Ministerio del Interior en las mesas de di\u00e1logo (parad\u00f3jicamente sin representaci\u00f3n de las barras), al final, se convierten en sobrediagn\u00f3sticos de una problem\u00e1tica que el ciudadano m\u00e1s alejado del f\u00fatbol ya entiende.<\/p>\n\n\n\n<figure class=\"wp-block-image size-large\"><img loading=\"lazy\" decoding=\"async\" width=\"1024\" height=\"683\" src=\"https:\/\/deninsonmendoza.com\/wp-content\/uploads\/2023\/05\/america-de-cali_2504553_20191218111047-1024x683.jpg\" alt=\"\" class=\"wp-image-3029\" srcset=\"https:\/\/deninsonmendoza.com\/wp-content\/uploads\/2023\/05\/america-de-cali_2504553_20191218111047-1024x683.jpg 1024w, https:\/\/deninsonmendoza.com\/wp-content\/uploads\/2023\/05\/america-de-cali_2504553_20191218111047-300x200.jpg 300w, https:\/\/deninsonmendoza.com\/wp-content\/uploads\/2023\/05\/america-de-cali_2504553_20191218111047-768x512.jpg 768w, https:\/\/deninsonmendoza.com\/wp-content\/uploads\/2023\/05\/america-de-cali_2504553_20191218111047-450x300.jpg 450w, https:\/\/deninsonmendoza.com\/wp-content\/uploads\/2023\/05\/america-de-cali_2504553_20191218111047-780x520.jpg 780w, https:\/\/deninsonmendoza.com\/wp-content\/uploads\/2023\/05\/america-de-cali_2504553_20191218111047.jpg 1050w\" sizes=\"auto, (max-width: 1024px) 100vw, 1024px\" \/><\/figure>\n\n\n\n<p>La pregunta es: \u00bfc\u00f3mo enfrentar una problem\u00e1tica que ni siquiera se tiene cuantificado el n\u00famero de sus actores? Algunos estudios indican que en Cali podr\u00edan haber cerca de 20 mil o 25 mil j\u00f3venes que asisten, por lo menos alguna vez al semestre, a una barra popular y se siente identificados en alguna Legi\u00f3n (Deportivo Cali) o Bloque (Am\u00e9rica de Cali), pero este n\u00famero se queda en solo una suposici\u00f3n.<\/p>\n\n\n\n<p>Hace algunos a\u00f1os, la Divisi\u00f3n Mayor del F\u00fatbol Colombiano (Dimayor) adelant\u00f3 junto a los equipos de todo el pa\u00eds un proceso de carnetizaci\u00f3n, con un costo cercano a los 13 mil pesos por persona, recibiendo algo m\u00e1s de 12 mil millones de pesos y que se qued\u00f3 en una de las inversiones m\u00e1s cuestionadas frente al tema, que no termin\u00f3 solucionando una problem\u00e1tica cada vez m\u00e1s angustiante.<\/p>\n\n\n\n<figure class=\"wp-block-image size-full\"><img loading=\"lazy\" decoding=\"async\" width=\"800\" height=\"533\" src=\"https:\/\/deninsonmendoza.com\/wp-content\/uploads\/2023\/05\/hinchas-del-deportivo-cali-habrian-sido-atacados-en-argentina_40035044_20220525112141.jpg\" alt=\"\" class=\"wp-image-3030\" srcset=\"https:\/\/deninsonmendoza.com\/wp-content\/uploads\/2023\/05\/hinchas-del-deportivo-cali-habrian-sido-atacados-en-argentina_40035044_20220525112141.jpg 800w, https:\/\/deninsonmendoza.com\/wp-content\/uploads\/2023\/05\/hinchas-del-deportivo-cali-habrian-sido-atacados-en-argentina_40035044_20220525112141-300x200.jpg 300w, https:\/\/deninsonmendoza.com\/wp-content\/uploads\/2023\/05\/hinchas-del-deportivo-cali-habrian-sido-atacados-en-argentina_40035044_20220525112141-768x512.jpg 768w, https:\/\/deninsonmendoza.com\/wp-content\/uploads\/2023\/05\/hinchas-del-deportivo-cali-habrian-sido-atacados-en-argentina_40035044_20220525112141-450x300.jpg 450w, https:\/\/deninsonmendoza.com\/wp-content\/uploads\/2023\/05\/hinchas-del-deportivo-cali-habrian-sido-atacados-en-argentina_40035044_20220525112141-780x520.jpg 780w\" sizes=\"auto, (max-width: 800px) 100vw, 800px\" \/><\/figure>\n\n\n\n<p>Sin duda alguna, el primer paso para poder adelantar acciones contundentes para reducir la violencia ser\u00e1 la identificaci\u00f3n de los hinchas, en todos los sectores, el cual debe ser ejecutado directamente por la ciudad y no por un ente privado, con el fin de poder cruzar informaci\u00f3n entre instituciones relacionadas y conocer qui\u00e9n es cada ciudadano que busca ingresar a un partido de f\u00fatbol, as\u00ed, acabar con la eterna discusi\u00f3n dentro de las mesas de di\u00e1logo de la responsabilidad del estado al entregarle informaci\u00f3n a un privado, quien es hoy quien lo ejecuta.<\/p>\n\n\n\n<p>Solo el d\u00eda en que se cruce la informaci\u00f3n de la Alcald\u00eda (entidad que ejecuta la identificaci\u00f3n) con la Polic\u00eda, la rama judicial y la Fiscal\u00eda, se podr\u00e1 conocer a los asistentes a un escenario que, aunque sea de un acto privado, responde a un elemento p\u00fablico. Para nadie es un secreto lo que ocurre dentro de las barras populares, donde algunas personas aprovechan la efervescencia para cometer actos delictivos que no representan el verdadero sentir de sus hinchas y que debemos alejarlos con acciones.<\/p>\n\n\n\n<p>Cali deber\u00e1 convertirse en el ejemplo nacional para el control de las barras dentro y fuera de los escenarios y, para ello, requerir\u00e1 de una verdadera voluntad pol\u00edtica que permita la inversi\u00f3n en tecnolog\u00eda para la videovigilancia y dispositivos de reconocimiento para el ingreso, pero que tambi\u00e9n act\u00fae sobre lo que significa la ciudad frente a partidos de peque\u00f1a, mediana y alta relevancia.<\/p>\n\n\n\n<figure class=\"wp-block-image size-large\"><img loading=\"lazy\" decoding=\"async\" width=\"1024\" height=\"576\" src=\"https:\/\/deninsonmendoza.com\/wp-content\/uploads\/2023\/05\/deportivo-cali-hinchada-1-1024x576.jpg\" alt=\"\" class=\"wp-image-3033\" srcset=\"https:\/\/deninsonmendoza.com\/wp-content\/uploads\/2023\/05\/deportivo-cali-hinchada-1-1024x576.jpg 1024w, https:\/\/deninsonmendoza.com\/wp-content\/uploads\/2023\/05\/deportivo-cali-hinchada-1-300x169.jpg 300w, https:\/\/deninsonmendoza.com\/wp-content\/uploads\/2023\/05\/deportivo-cali-hinchada-1-768x432.jpg 768w, https:\/\/deninsonmendoza.com\/wp-content\/uploads\/2023\/05\/deportivo-cali-hinchada-1-450x253.jpg 450w, https:\/\/deninsonmendoza.com\/wp-content\/uploads\/2023\/05\/deportivo-cali-hinchada-1-780x439.jpg 780w, https:\/\/deninsonmendoza.com\/wp-content\/uploads\/2023\/05\/deportivo-cali-hinchada-1.jpg 1200w\" sizes=\"auto, (max-width: 1024px) 100vw, 1024px\" \/><\/figure>\n\n\n\n<p>Esa voluntad pol\u00edtica que deje de echarle la responsabilidad a otras entidades, una voluntad que re\u00fana al operador del estadio, la Gobernaci\u00f3n del Valle y la Alcald\u00eda de Cali, para enrutar acciones que identifiquen, controlen y, llegado el caso, acompa\u00f1en la judicializaci\u00f3n de los responsables de actos vand\u00e1licos. Es un trabajo entre todos.<\/p>\n\n\n\n<p>Adem\u00e1s, hay una gran corresponsabilidad que debe unirse a esta tarea pol\u00edtica-estatal y es la participaci\u00f3n de los clubes en la misma. Si bien, las entidades p\u00fablicas tienen un compromiso, los clubes deber\u00e1n asumir la tarea y responsabilidad de alejar a los malos hinchas de los estadios, reduciendo las gabelas, aportes y reconocimientos que hacen internamente y que solo terminan justificando el mal actuar de un conglomerado.<\/p>\n\n\n\n<figure class=\"wp-block-image size-full\"><img loading=\"lazy\" decoding=\"async\" width=\"850\" height=\"580\" src=\"https:\/\/deninsonmendoza.com\/wp-content\/uploads\/2023\/05\/colp_ep_010216_3_0.jpg.webp\" alt=\"\" class=\"wp-image-3034\" srcset=\"https:\/\/deninsonmendoza.com\/wp-content\/uploads\/2023\/05\/colp_ep_010216_3_0.jpg.webp 850w, https:\/\/deninsonmendoza.com\/wp-content\/uploads\/2023\/05\/colp_ep_010216_3_0.jpg-300x205.webp 300w, https:\/\/deninsonmendoza.com\/wp-content\/uploads\/2023\/05\/colp_ep_010216_3_0.jpg-768x524.webp 768w, https:\/\/deninsonmendoza.com\/wp-content\/uploads\/2023\/05\/colp_ep_010216_3_0.jpg-450x307.webp 450w, https:\/\/deninsonmendoza.com\/wp-content\/uploads\/2023\/05\/colp_ep_010216_3_0.jpg-780x532.webp 780w\" sizes=\"auto, (max-width: 850px) 100vw, 850px\" \/><\/figure>\n\n\n\n<p>Creo que los hinchas del f\u00fatbol ya estamos cansados de la violencia, de tener que estar escondidos por llevar el color de una camiseta y de caminar por miedo por las calles cada vez que llega la fecha de un cl\u00e1sico o partido importante. Las barras populares son indispensables para la cultura del f\u00fatbol en Colombia y en Latinoam\u00e9rica, pero lleg\u00f3 la hora que, de verdad, enfrentemos esta problem\u00e1tica a trav\u00e9s de la educaci\u00f3n, la cultura, el empoderamiento de los j\u00f3venes y las acciones de atenci\u00f3n contundentes del estado frente a un clar\u00edsimo fuera de lugar ante la sociedad.<\/p>\n\n\n\n<p>Yo creo en que Cali tendr\u00e1 las mejores barras populares del pa\u00eds y que volveremos a vivir el f\u00fatbol en paz. <strong>VAMOS JUNTOS POR CALI.<\/strong><\/p>\n","protected":false},"excerpt":{"rendered":"<p>Si bien es cierto que la soluci\u00f3n para mitigar el impacto social de las barras populares en Cali y en Colombia no depende exclusivamente del alcalde, si no, de la articulaci\u00f3n de distintas instituciones que permitan el impacto sobre las mismas; la construcci\u00f3n y bienestar de la ciudad, en torno a ellas, s\u00ed. Y aunque [&hellip;]<\/p>\n","protected":false},"author":1,"featured_media":3028,"comment_status":"open","ping_status":"open","sticky":false,"template":"","format":"standard","meta":{"om_disable_all_campaigns":false,"_monsterinsights_skip_tracking":false,"_monsterinsights_sitenote_active":false,"_monsterinsights_sitenote_note":"","_monsterinsights_sitenote_category":0,"footnotes":""},"categories":[18],"tags":[],"class_list":{"0":"post-3027","1":"post","2":"type-post","3":"status-publish","4":"format-standard","5":"has-post-thumbnail","7":"category-opinion"},"aioseo_notices":[],"_links":{"self":[{"href":"https:\/\/deninsonmendoza.com\/index.php\/wp-json\/wp\/v2\/posts\/3027","targetHints":{"allow":["GET"]}}],"collection":[{"href":"https:\/\/deninsonmendoza.com\/index.php\/wp-json\/wp\/v2\/posts"}],"about":[{"href":"https:\/\/deninsonmendoza.com\/index.php\/wp-json\/wp\/v2\/types\/post"}],"author":[{"embeddable":true,"href":"https:\/\/deninsonmendoza.com\/index.php\/wp-json\/wp\/v2\/users\/1"}],"replies":[{"embeddable":true,"href":"https:\/\/deninsonmendoza.com\/index.php\/wp-json\/wp\/v2\/comments?post=3027"}],"version-history":[{"count":1,"href":"https:\/\/deninsonmendoza.com\/index.php\/wp-json\/wp\/v2\/posts\/3027\/revisions"}],"predecessor-version":[{"id":3035,"href":"https:\/\/deninsonmendoza.com\/index.php\/wp-json\/wp\/v2\/posts\/3027\/revisions\/3035"}],"wp:featuredmedia":[{"embeddable":true,"href":"https:\/\/deninsonmendoza.com\/index.php\/wp-json\/wp\/v2\/media\/3028"}],"wp:attachment":[{"href":"https:\/\/deninsonmendoza.com\/index.php\/wp-json\/wp\/v2\/media?parent=3027"}],"wp:term":[{"taxonomy":"category","embeddable":true,"href":"https:\/\/deninsonmendoza.com\/index.php\/wp-json\/wp\/v2\/categories?post=3027"},{"taxonomy":"post_tag","embeddable":true,"href":"https:\/\/deninsonmendoza.com\/index.php\/wp-json\/wp\/v2\/tags?post=3027"}],"curies":[{"name":"wp","href":"https:\/\/api.w.org\/{rel}","templated":true}]}}