{"id":3322,"date":"2023-11-09T08:45:06","date_gmt":"2023-11-09T13:45:06","guid":{"rendered":"https:\/\/deninsonmendoza.com\/?p=3322"},"modified":"2023-11-09T08:45:08","modified_gmt":"2023-11-09T13:45:08","slug":"en-independientes-representamos-a-los-jovenes","status":"publish","type":"post","link":"https:\/\/deninsonmendoza.com\/index.php\/2023\/11\/09\/en-independientes-representamos-a-los-jovenes\/","title":{"rendered":"En INDEPENDIENTES representamos a los j\u00f3venes"},"content":{"rendered":"\n<figure class=\"wp-block-image size-large\"><img loading=\"lazy\" decoding=\"async\" width=\"1135\" height=\"851\" src=\"https:\/\/deninsonmendoza.com\/wp-content\/uploads\/2023\/11\/49b11764-8890-4a96-b535-357c0bbadd08-edited.jpg\" alt=\"\" class=\"wp-image-3324\" srcset=\"https:\/\/deninsonmendoza.com\/wp-content\/uploads\/2023\/11\/49b11764-8890-4a96-b535-357c0bbadd08-edited.jpg 1135w, https:\/\/deninsonmendoza.com\/wp-content\/uploads\/2023\/11\/49b11764-8890-4a96-b535-357c0bbadd08-edited-300x225.jpg 300w, https:\/\/deninsonmendoza.com\/wp-content\/uploads\/2023\/11\/49b11764-8890-4a96-b535-357c0bbadd08-edited-1024x768.jpg 1024w, https:\/\/deninsonmendoza.com\/wp-content\/uploads\/2023\/11\/49b11764-8890-4a96-b535-357c0bbadd08-edited-768x576.jpg 768w, https:\/\/deninsonmendoza.com\/wp-content\/uploads\/2023\/11\/49b11764-8890-4a96-b535-357c0bbadd08-edited-280x210.jpg 280w, https:\/\/deninsonmendoza.com\/wp-content\/uploads\/2023\/11\/49b11764-8890-4a96-b535-357c0bbadd08-edited-560x420.jpg 560w, https:\/\/deninsonmendoza.com\/wp-content\/uploads\/2023\/11\/49b11764-8890-4a96-b535-357c0bbadd08-edited-450x337.jpg 450w, https:\/\/deninsonmendoza.com\/wp-content\/uploads\/2023\/11\/49b11764-8890-4a96-b535-357c0bbadd08-edited-780x585.jpg 780w\" sizes=\"auto, (max-width: 1135px) 100vw, 1135px\" \/><\/figure>\n\n\n\n<p><\/p>\n\n\n\n<p>Muchas reflexiones me han generado los resultados de las pasadas elecciones del 29 de octubre donde aspir\u00e9 como candidato a la Alcald\u00eda de Cali con unos resultados que, aunque parecieran negativos en lo num\u00e9rico, han dejado una huella en la formaci\u00f3n e intenci\u00f3n pol\u00edtica, especialmente de los j\u00f3venes, para el futuro de nuestra ciudad y nuestra regi\u00f3n.<\/p>\n\n\n\n<p><\/p>\n\n\n\n<p>Desde el Moviminto Independientes, el cual lider\u00e9 en el suroccidente del pa\u00eds, comandamos una tarea casi imposible: conquistar el coraz\u00f3n pol\u00edtico de las y los j\u00f3venes de Cali y el Valle, alej\u00e1ndolos de las tradicionales ma\u00f1as pol\u00edtiqueras, demostr\u00e1ndoles que s\u00ed es posible hacer trabajo desde lo p\u00fablico con una visi\u00f3n social y generadora de riqueza.<\/p>\n\n\n\n<p><\/p>\n\n\n\n<p>Hoy, nuestro trabajo, no son solamente los m\u00e1s de 11 mil votos que obtuvimos en nuestro camino para ser alcaldes. No, es mucho m\u00e1s. Hoy, hemos logrado influir en el pensamiento de j\u00f3venes que en los pr\u00f3ximos 4 a\u00f1os tomar\u00e1n su primera decisi\u00f3n pol\u00edtica y, con los cuales, queremos seguir trabajando para la conformaci\u00f3n de una ciudad del futuro.<\/p>\n\n\n\n<p><\/p>\n\n\n\n<p><\/p>\n\n\n\n<p>Casi 15 millones de reproducciones en nuestros contenidos en redes sociales las \u00faltimas dos semanas de campa\u00f1as y m\u00e1s de 2.000 comentarios de j\u00f3venes entre los 14 y 17 a\u00f1os, permite visualizar una intenci\u00f3n sociopol\u00edtica de las y los cale\u00f1os que quieren construir un movimiento pol\u00edtico joven y transformador.<\/p>\n\n\n\n<p><\/p>\n\n\n\n<p>Sin embargo, estas elecciones nos dejan mucho m\u00e1s que un camino a la Alcald\u00eda. M\u00e1s de 21.500 sufragios al Concejo de Cali y cerca de 65 mil votos en todo el Valle del Cauca nos hacen una alternativa de renovaci\u00f3n pol\u00edtica para el futuro.\u00a0<\/p>\n\n\n\n<p><\/p>\n\n\n\n<p>Hoy seguir\u00e9 caminando de la mano de Dios, de mi esposa, de mi familia y de mi equipo de trabajo: mujeres y hombres valientes, quienes se enfrentaron a una campa\u00f1a pol\u00edtica en donde ten\u00edamos una desventaja econ\u00f3mica y estructural muy grande, pero que, dejando hasta la \u00faltima gota de sudor, me permitieron llegar hasta el final, demostrando que somos un movimiento que, con las manos, trabajar\u00e1 por el desarrollo social, econ\u00f3mico y pol\u00edtico de Cali y el Valle del Cauca.<\/p>\n\n\n\n<p><\/p>\n\n\n\n<p>Soy Deninson Mendoza, orgullosamente cale\u00f1o, y si Dios quiere, voy a ser Alcalde de Cali. Vamos con Toda Cali.<\/p>\n","protected":false},"excerpt":{"rendered":"<p>Muchas reflexiones me han generado los resultados de las pasadas elecciones del 29 de octubre donde aspir\u00e9 como candidato a la Alcald\u00eda de Cali con unos resultados que, aunque parecieran negativos en lo num\u00e9rico, han dejado una huella en la formaci\u00f3n e intenci\u00f3n pol\u00edtica, especialmente de los j\u00f3venes, para el futuro de nuestra ciudad y [&hellip;]<\/p>\n","protected":false},"author":1,"featured_media":3324,"comment_status":"open","ping_status":"open","sticky":false,"template":"","format":"standard","meta":{"om_disable_all_campaigns":false,"_monsterinsights_skip_tracking":false,"_monsterinsights_sitenote_active":false,"_monsterinsights_sitenote_note":"","_monsterinsights_sitenote_category":0,"footnotes":""},"categories":[18],"tags":[],"class_list":{"0":"post-3322","1":"post","2":"type-post","3":"status-publish","4":"format-standard","5":"has-post-thumbnail","7":"category-opinion"},"aioseo_notices":[],"_links":{"self":[{"href":"https:\/\/deninsonmendoza.com\/index.php\/wp-json\/wp\/v2\/posts\/3322","targetHints":{"allow":["GET"]}}],"collection":[{"href":"https:\/\/deninsonmendoza.com\/index.php\/wp-json\/wp\/v2\/posts"}],"about":[{"href":"https:\/\/deninsonmendoza.com\/index.php\/wp-json\/wp\/v2\/types\/post"}],"author":[{"embeddable":true,"href":"https:\/\/deninsonmendoza.com\/index.php\/wp-json\/wp\/v2\/users\/1"}],"replies":[{"embeddable":true,"href":"https:\/\/deninsonmendoza.com\/index.php\/wp-json\/wp\/v2\/comments?post=3322"}],"version-history":[{"count":1,"href":"https:\/\/deninsonmendoza.com\/index.php\/wp-json\/wp\/v2\/posts\/3322\/revisions"}],"predecessor-version":[{"id":3325,"href":"https:\/\/deninsonmendoza.com\/index.php\/wp-json\/wp\/v2\/posts\/3322\/revisions\/3325"}],"wp:featuredmedia":[{"embeddable":true,"href":"https:\/\/deninsonmendoza.com\/index.php\/wp-json\/wp\/v2\/media\/3324"}],"wp:attachment":[{"href":"https:\/\/deninsonmendoza.com\/index.php\/wp-json\/wp\/v2\/media?parent=3322"}],"wp:term":[{"taxonomy":"category","embeddable":true,"href":"https:\/\/deninsonmendoza.com\/index.php\/wp-json\/wp\/v2\/categories?post=3322"},{"taxonomy":"post_tag","embeddable":true,"href":"https:\/\/deninsonmendoza.com\/index.php\/wp-json\/wp\/v2\/tags?post=3322"}],"curies":[{"name":"wp","href":"https:\/\/api.w.org\/{rel}","templated":true}]}}