{"id":3327,"date":"2023-11-20T12:40:17","date_gmt":"2023-11-20T17:40:17","guid":{"rendered":"https:\/\/deninsonmendoza.com\/?p=3327"},"modified":"2023-11-20T12:40:18","modified_gmt":"2023-11-20T17:40:18","slug":"por-que-nos-concentramos-en-los-jovenes","status":"publish","type":"post","link":"https:\/\/deninsonmendoza.com\/index.php\/2023\/11\/20\/por-que-nos-concentramos-en-los-jovenes\/","title":{"rendered":"\u00bfPor qu\u00e9 nos concentramos en los j\u00f3venes?"},"content":{"rendered":"\n<figure class=\"wp-block-image size-large\"><img loading=\"lazy\" decoding=\"async\" width=\"819\" height=\"1024\" src=\"https:\/\/deninsonmendoza.com\/wp-content\/uploads\/2023\/11\/378182985_18381791065050630_1970520106497466919_n-819x1024.jpg\" alt=\"\" class=\"wp-image-3328\" srcset=\"https:\/\/deninsonmendoza.com\/wp-content\/uploads\/2023\/11\/378182985_18381791065050630_1970520106497466919_n-819x1024.jpg 819w, https:\/\/deninsonmendoza.com\/wp-content\/uploads\/2023\/11\/378182985_18381791065050630_1970520106497466919_n-240x300.jpg 240w, https:\/\/deninsonmendoza.com\/wp-content\/uploads\/2023\/11\/378182985_18381791065050630_1970520106497466919_n-768x960.jpg 768w, https:\/\/deninsonmendoza.com\/wp-content\/uploads\/2023\/11\/378182985_18381791065050630_1970520106497466919_n-450x563.jpg 450w, https:\/\/deninsonmendoza.com\/wp-content\/uploads\/2023\/11\/378182985_18381791065050630_1970520106497466919_n-780x975.jpg 780w, https:\/\/deninsonmendoza.com\/wp-content\/uploads\/2023\/11\/378182985_18381791065050630_1970520106497466919_n.jpg 1080w\" sizes=\"auto, (max-width: 819px) 100vw, 819px\" \/><\/figure>\n\n\n\n<p><\/p>\n\n\n\n<p>Sin duda alguna, nuestra campa\u00f1a fue la campa\u00f1a de los j\u00f3venes. De aquellas cale\u00f1as y cale\u00f1os que, seguramente, nunca se hab\u00edan interesado en las propuestas pol\u00edticas de la ciudad o que apenas alcanzaron su mayor\u00eda de edad para empezar a pensar en ello.<\/p>\n\n\n\n<p><\/p>\n\n\n\n<p>Pero, \u00bfpor qu\u00e9 lo hicimos? \u00bfpor qu\u00e9 nos concentramos en esa comunidad que, para los expertos en pol\u00edtica, hacen ruido, pero no votan?<\/p>\n\n\n\n<p><\/p>\n\n\n\n<p>La respuesta es sencilla. Nosotros nos interesamos en los j\u00f3venes porque son ellos, los que menos participan, pero los que m\u00e1s sufren de las injusticias, de los actos de corrupci\u00f3n y de las distintas problem\u00e1ticas que en los \u00faltimos a\u00f1os ha venido sufriendo la ciudad.<\/p>\n\n\n\n<p><\/p>\n\n\n\n<p>En Cali, son cerca de 500 mil j\u00f3venes los que est\u00e1n habilitados para ejercer su derecho al voto; sin embargo, son muy pocos los siguen asistiendo a las urnas. Solo los j\u00f3venes estar\u00edan en capacidad de poner el nombre del alcalde o alcaldesa de Cali, \u00bfse imaginan que eso pudiese ser una realidad?<\/p>\n\n\n\n<p><\/p>\n\n\n\n<p>Ser el alcalde de los j\u00f3venes en una ciudad como la nuestra es una responsabilidad muy grande. Son los j\u00f3venes las principales v\u00edctimas de conflicto armado y la violencia. Ellos, ante la falta de alternativas econ\u00f3micas de sus familias son los que utilizan las bandas criminales para hacer de sus estructuras criminales una fuerza en los distintos barrios de la ciudad.<\/p>\n\n\n\n<p><\/p>\n\n\n\n<p>Esa marginaci\u00f3n social es provocada porque, estos mismos j\u00f3venes, no encuentran alternativas de formaci\u00f3n y estudio que est\u00e9n al alcance, no solo de su capacidad econ\u00f3mica, si no de su proyecci\u00f3n profesional y su capacidad de ingresos, lo que hace m\u00e1s rentable estar presentes en la ilegalidad.<\/p>\n\n\n\n<p><\/p>\n\n\n\n<p>Pero, adem\u00e1s, porque son muchos de ellos los que hacen parte de las 250 mil personas que se acuestan a dormir sin consumir ning\u00fan alimento en el d\u00eda, siendo los principales protagonistas de una estigmatizaci\u00f3n social a la que nosotros le queremos seguir apostando.<\/p>\n\n\n\n<p><\/p>\n\n\n\n<p>La Cali Futuro, el proyecto que continuar\u00e1 construyendo ciudad desde los barrios, con una visi\u00f3n innovadora, tecnol\u00f3gica y progresista, seguir\u00e1n teniendo a las y los j\u00f3venes como sus principales actores, porque creemos que una reconstrucci\u00f3n social que comience en ellas y ellos, ser\u00e1 la \u00fanica forma de tener una ciudad con mejores costumbres, ingresos, acciones y relaciones.<\/p>\n\n\n\n<p><\/p>\n\n\n\n<p>Por eso, seguiremos creyendo que los j\u00f3venes, las redes sociales, los distritos de innovaci\u00f3n, sus familias, sus relaciones sociales, son las principales causas en las que de verdad debemos poner atenci\u00f3n a la ciudad, permiti\u00e9ndose reducir con el tiempo las verdaderas brechas y problemas con las que hoy convivimos.<\/p>\n","protected":false},"excerpt":{"rendered":"<p>Sin duda alguna, nuestra campa\u00f1a fue la campa\u00f1a de los j\u00f3venes. De aquellas cale\u00f1as y cale\u00f1os que, seguramente, nunca se hab\u00edan interesado en las propuestas pol\u00edticas de la ciudad o que apenas alcanzaron su mayor\u00eda de edad para empezar a pensar en ello. Pero, \u00bfpor qu\u00e9 lo hicimos? \u00bfpor qu\u00e9 nos concentramos en esa comunidad [&hellip;]<\/p>\n","protected":false},"author":1,"featured_media":3328,"comment_status":"open","ping_status":"open","sticky":false,"template":"","format":"standard","meta":{"om_disable_all_campaigns":false,"_monsterinsights_skip_tracking":false,"_monsterinsights_sitenote_active":false,"_monsterinsights_sitenote_note":"","_monsterinsights_sitenote_category":0,"footnotes":""},"categories":[18],"tags":[],"class_list":{"0":"post-3327","1":"post","2":"type-post","3":"status-publish","4":"format-standard","5":"has-post-thumbnail","7":"category-opinion"},"aioseo_notices":[],"_links":{"self":[{"href":"https:\/\/deninsonmendoza.com\/index.php\/wp-json\/wp\/v2\/posts\/3327","targetHints":{"allow":["GET"]}}],"collection":[{"href":"https:\/\/deninsonmendoza.com\/index.php\/wp-json\/wp\/v2\/posts"}],"about":[{"href":"https:\/\/deninsonmendoza.com\/index.php\/wp-json\/wp\/v2\/types\/post"}],"author":[{"embeddable":true,"href":"https:\/\/deninsonmendoza.com\/index.php\/wp-json\/wp\/v2\/users\/1"}],"replies":[{"embeddable":true,"href":"https:\/\/deninsonmendoza.com\/index.php\/wp-json\/wp\/v2\/comments?post=3327"}],"version-history":[{"count":1,"href":"https:\/\/deninsonmendoza.com\/index.php\/wp-json\/wp\/v2\/posts\/3327\/revisions"}],"predecessor-version":[{"id":3329,"href":"https:\/\/deninsonmendoza.com\/index.php\/wp-json\/wp\/v2\/posts\/3327\/revisions\/3329"}],"wp:featuredmedia":[{"embeddable":true,"href":"https:\/\/deninsonmendoza.com\/index.php\/wp-json\/wp\/v2\/media\/3328"}],"wp:attachment":[{"href":"https:\/\/deninsonmendoza.com\/index.php\/wp-json\/wp\/v2\/media?parent=3327"}],"wp:term":[{"taxonomy":"category","embeddable":true,"href":"https:\/\/deninsonmendoza.com\/index.php\/wp-json\/wp\/v2\/categories?post=3327"},{"taxonomy":"post_tag","embeddable":true,"href":"https:\/\/deninsonmendoza.com\/index.php\/wp-json\/wp\/v2\/tags?post=3327"}],"curies":[{"name":"wp","href":"https:\/\/api.w.org\/{rel}","templated":true}]}}