{"id":3351,"date":"2024-01-29T11:54:50","date_gmt":"2024-01-29T16:54:50","guid":{"rendered":"https:\/\/deninsonmendoza.com\/?p=3351"},"modified":"2024-01-29T11:54:52","modified_gmt":"2024-01-29T16:54:52","slug":"calitec-innopolitica-y-liderazgo-por-el-futuro-de-cali","status":"publish","type":"post","link":"https:\/\/deninsonmendoza.com\/index.php\/2024\/01\/29\/calitec-innopolitica-y-liderazgo-por-el-futuro-de-cali\/","title":{"rendered":"CaliTec: Innopol\u00edtica y Liderazgo por el futuro de Cali"},"content":{"rendered":"\n<figure class=\"wp-block-image size-large is-resized\"><img loading=\"lazy\" decoding=\"async\" width=\"1024\" height=\"682\" src=\"https:\/\/deninsonmendoza.com\/wp-content\/uploads\/2024\/01\/Innopolitica-liderazgo-cali-becas-1024x682.jpg\" alt=\"\" class=\"wp-image-3352\" style=\"width:770px;height:auto\" srcset=\"https:\/\/deninsonmendoza.com\/wp-content\/uploads\/2024\/01\/Innopolitica-liderazgo-cali-becas-1024x682.jpg 1024w, https:\/\/deninsonmendoza.com\/wp-content\/uploads\/2024\/01\/Innopolitica-liderazgo-cali-becas-300x200.jpg 300w, https:\/\/deninsonmendoza.com\/wp-content\/uploads\/2024\/01\/Innopolitica-liderazgo-cali-becas-768x512.jpg 768w, https:\/\/deninsonmendoza.com\/wp-content\/uploads\/2024\/01\/Innopolitica-liderazgo-cali-becas-450x300.jpg 450w, https:\/\/deninsonmendoza.com\/wp-content\/uploads\/2024\/01\/Innopolitica-liderazgo-cali-becas-780x520.jpg 780w, https:\/\/deninsonmendoza.com\/wp-content\/uploads\/2024\/01\/Innopolitica-liderazgo-cali-becas.jpg 1280w\" sizes=\"auto, (max-width: 1024px) 100vw, 1024px\" \/><\/figure>\n\n\n\n<p><\/p>\n\n\n\n<p>Fue una promesa de campa\u00f1a, hoy es una promesa de ciudad. Nuestro compromiso por la educaci\u00f3n ha sido y seguir\u00e1 siendo una labor por la que diariamente trabajaremos como colectivo para el desarrollo de nuestras y nuestros j\u00f3venes cale\u00f1os. Hoy, lo convertiremos en realidad.<\/p>\n\n\n\n<p><\/p>\n\n\n\n<p>Desde el 2022, cuando iniciamos nuestro proceso con el colegio Santa Anita, en donde en 3 ocasiones graduamos a m\u00e1s de 300 j\u00f3venes por semestre, nos dimos a la tarea de consolidar alianzas que nos permitan seguir construyendo un tejido social robusto para la ciudad.\u00a0<\/p>\n\n\n\n<p><\/p>\n\n\n\n<p>Es por esto, que despu\u00e9s de todo el proceso electoral en donde pusimos nuestro nombre a consideraci\u00f3n, pero, especialmente, unas propuestas que nos llevar\u00edan a vivir en una verdadera ciudad del futuro, hoy queremos seguir trabajando para que se haga una realidad y acompa\u00f1ar, en paralelo, los procesos de la administraci\u00f3n actual, a la que vemos con muy buenos ojos.<\/p>\n\n\n\n<p><\/p>\n\n\n\n<p>CaliTec, es entonces el esfuerzo de una uni\u00f3n entre nuestro colectivo Liderazgo y la instituci\u00f3n Innopol\u00edtica, quien ha venido tambi\u00e9n trabajando por la formaci\u00f3n t\u00e9cnica de nuestros j\u00f3venes, abri\u00e9ndoles el espectro laboral para ellos y sus familias, y que permitir\u00e1 formar a 300 j\u00f3venes, mujeres y hombres, en este inicio de a\u00f1o, en las carreras que el futuro nos depara.<\/p>\n\n\n\n<p><\/p>\n\n\n\n<p>Hoy, son m\u00e1s de 360 registros los que tuvimos en tan solo 4 d\u00edas, lo que corrobora el inter\u00e9s de nuestros j\u00f3venes de la ciudad por encontrar alternativas de educaci\u00f3n que les permita acceder a mejores garant\u00edas de vida.<\/p>\n\n\n\n<p><\/p>\n\n\n\n<p>Este primer acercamiento, que se dar\u00e1 de manera virtual, permitir\u00e1 que nuestros j\u00f3venes, habiendo terminado apenas su b\u00e1sica secundaria, puedan acceder a carreras t\u00e9cnicas y procesos de formaci\u00f3n en Comunicaci\u00f3n y Marketing Digital, en Tecnolog\u00edas de la Informaci\u00f3n, pero tambi\u00e9n en carreras fundamentales como la administraci\u00f3n y la contadur\u00eda. S\u00ed, a nuestros j\u00f3venes los seguiremos llevando hacia los procesos de la cuarta revoluci\u00f3n industrial.<\/p>\n\n\n\n<p><\/p>\n\n\n\n<p>El esfuerzo de una Cali mejor no debe quedar solamente en quien venci\u00f3 el pasado 29 de octubre. Quienes pusimos a consideraci\u00f3n nuestra hoja de vida debemos mantener un compromiso con la ciudad, que nuestras propuestas no queden en un plan de gobierno olvidado y que, sin retribuci\u00f3n m\u00e1s que el progreso de nuestra ciudad, sigamos coordinando esfuerzos por una Cali m\u00e1s inteligente, m\u00e1s educada, m\u00e1s c\u00edvica, m\u00e1s bella.<\/p>\n","protected":false},"excerpt":{"rendered":"<p>En Cali seguiremos buscando la formaci\u00f3n de nuestros j\u00f3venes en las carreras de la cuarta revoluci\u00f3n industrial.<\/p>\n","protected":false},"author":1,"featured_media":3352,"comment_status":"open","ping_status":"open","sticky":false,"template":"","format":"standard","meta":{"om_disable_all_campaigns":false,"_monsterinsights_skip_tracking":false,"_monsterinsights_sitenote_active":false,"_monsterinsights_sitenote_note":"","_monsterinsights_sitenote_category":0,"footnotes":""},"categories":[18],"tags":[],"class_list":{"0":"post-3351","1":"post","2":"type-post","3":"status-publish","4":"format-standard","5":"has-post-thumbnail","7":"category-opinion"},"aioseo_notices":[],"_links":{"self":[{"href":"https:\/\/deninsonmendoza.com\/index.php\/wp-json\/wp\/v2\/posts\/3351","targetHints":{"allow":["GET"]}}],"collection":[{"href":"https:\/\/deninsonmendoza.com\/index.php\/wp-json\/wp\/v2\/posts"}],"about":[{"href":"https:\/\/deninsonmendoza.com\/index.php\/wp-json\/wp\/v2\/types\/post"}],"author":[{"embeddable":true,"href":"https:\/\/deninsonmendoza.com\/index.php\/wp-json\/wp\/v2\/users\/1"}],"replies":[{"embeddable":true,"href":"https:\/\/deninsonmendoza.com\/index.php\/wp-json\/wp\/v2\/comments?post=3351"}],"version-history":[{"count":1,"href":"https:\/\/deninsonmendoza.com\/index.php\/wp-json\/wp\/v2\/posts\/3351\/revisions"}],"predecessor-version":[{"id":3353,"href":"https:\/\/deninsonmendoza.com\/index.php\/wp-json\/wp\/v2\/posts\/3351\/revisions\/3353"}],"wp:featuredmedia":[{"embeddable":true,"href":"https:\/\/deninsonmendoza.com\/index.php\/wp-json\/wp\/v2\/media\/3352"}],"wp:attachment":[{"href":"https:\/\/deninsonmendoza.com\/index.php\/wp-json\/wp\/v2\/media?parent=3351"}],"wp:term":[{"taxonomy":"category","embeddable":true,"href":"https:\/\/deninsonmendoza.com\/index.php\/wp-json\/wp\/v2\/categories?post=3351"},{"taxonomy":"post_tag","embeddable":true,"href":"https:\/\/deninsonmendoza.com\/index.php\/wp-json\/wp\/v2\/tags?post=3351"}],"curies":[{"name":"wp","href":"https:\/\/api.w.org\/{rel}","templated":true}]}}