{"id":3356,"date":"2024-02-08T12:48:09","date_gmt":"2024-02-08T17:48:09","guid":{"rendered":"https:\/\/deninsonmendoza.com\/?p=3356"},"modified":"2024-02-08T12:48:11","modified_gmt":"2024-02-08T17:48:11","slug":"cali-epicentro-del-turismo-medico-mundial","status":"publish","type":"post","link":"https:\/\/deninsonmendoza.com\/index.php\/2024\/02\/08\/cali-epicentro-del-turismo-medico-mundial\/","title":{"rendered":"Cali, epicentro del turismo m\u00e9dico mundial"},"content":{"rendered":"\n<figure class=\"wp-block-image size-large\"><img loading=\"lazy\" decoding=\"async\" width=\"1024\" height=\"564\" src=\"https:\/\/deninsonmendoza.com\/wp-content\/uploads\/2024\/02\/turismo_medico-1024x564.jpg\" alt=\"\" class=\"wp-image-3357\" srcset=\"https:\/\/deninsonmendoza.com\/wp-content\/uploads\/2024\/02\/turismo_medico-1024x564.jpg 1024w, https:\/\/deninsonmendoza.com\/wp-content\/uploads\/2024\/02\/turismo_medico-300x165.jpg 300w, https:\/\/deninsonmendoza.com\/wp-content\/uploads\/2024\/02\/turismo_medico-768x423.jpg 768w, https:\/\/deninsonmendoza.com\/wp-content\/uploads\/2024\/02\/turismo_medico-1536x846.jpg 1536w, https:\/\/deninsonmendoza.com\/wp-content\/uploads\/2024\/02\/turismo_medico-450x248.jpg 450w, https:\/\/deninsonmendoza.com\/wp-content\/uploads\/2024\/02\/turismo_medico-780x430.jpg 780w, https:\/\/deninsonmendoza.com\/wp-content\/uploads\/2024\/02\/turismo_medico.jpg 1546w\" sizes=\"auto, (max-width: 1024px) 100vw, 1024px\" \/><\/figure>\n\n\n\n<p><\/p>\n\n\n\n<p>Cali, a\u00f1o tras a\u00f1o, con la experiencia de personal m\u00e9dico, con las inversiones que ha recibido en el sector salud, con el desarrollo de su plataforma cl\u00faster de Excelencia Cl\u00ednica y, adicionalmente, teniendo en su territorio dos de 10 cl\u00ednicas m\u00e1s importantes de Am\u00e9rica Latina, como lo son Imbanaco y Valle del Lili, se ratifica como una potencia mundial en una industrial que sigue siendo llamativa para propios y extranjeros: el turismo m\u00e9dico.<\/p>\n\n\n\n<p><\/p>\n\n\n\n<p>Nuestra ciudad se ha convertido en un polo de desarrollo de estas especialidades m\u00e9dicas y de la salud, como lo son cirug\u00edas pl\u00e1sticas y reconstructivas, la odontolog\u00eda est\u00e9tica y reconstructiva y todo lo que conlleva le medicina est\u00e9tica, trayendo a grandes personajes internacionales que ven en Cali un centro de renovaci\u00f3n m\u00e9dica.<\/p>\n\n\n\n<p><\/p>\n\n\n\n<p>El doctor Mario Montoya, con su Cl\u00ednica Odontol\u00f3gica Smiles; el doctor Jaime Zulu\u00e1ga, con su Cl\u00ednica Orva M\u00e9dical Group, el doctor Leonardo Buritica, fabricante de Princesas y la Cl\u00ednica Zenska con sus doctoras Paula Arias y Sandra Perea, ginec\u00f3logas expertas en los procesos de rejuvenecimiento y reconstrucci\u00f3n vaginal, potencializan las capacidades m\u00e9dicas de una ciudad que se ratifica como un generador econ\u00f3mico para el pa\u00eds.<\/p>\n\n\n\n<p><\/p>\n\n\n\n<p>La llegada del nuevo gobierno, en cabeza de Alejandro Eder, y con el regreso a la ciudad de la secretaria de Turismo, Mabel Lara, han hecho poner los focos de los medios de comunicaci\u00f3n e influenciadores del mundo, en esa visi\u00f3n de la Cali del Futuro hacia el desarrollo de esta nueva industria.<\/p>\n\n\n\n<p><\/p>\n\n\n\n<p>Esto, permitir\u00e1 que cerca de las 50 mil personas que llegan anualmente al pa\u00eds en b\u00fasqueda de procedimientos m\u00e9dicos se dirijan hacia la ciudad, generando un impacto en distintas industrias y en donde deber\u00e1 ser protagonista en los ingresos de la ciudad que buscan ser superiores a los 13,3 billones generados a 2022, seg\u00fan datos de la C\u00e1mara de Comercio de Cali.<\/p>\n\n\n\n<p><\/p>\n\n\n\n<p>Adem\u00e1s, la capital del Valle se convierta en la sede del primer Congreso de Turismo M\u00e9dico en el mes de septiembre, donde llegar\u00e1n m\u00e1s de 1.500 profesionales, facilitarando que nuestra regi\u00f3n se encamine hacia este prop\u00f3sito.<\/p>\n\n\n\n<p><\/p>\n\n\n\n<p>Seguiremos apost\u00e1ndole desde el sector privado y apost\u00e1ndole a las iniciativas del sector p\u00fablico, para que Cali sea el epicentro m\u00e9dico de Am\u00e9rica Latina, atendiendo pacientes del mundo entero, incrementando las oportunidades de empleo y la potencializaci\u00f3n de la ciudad.&nbsp;<\/p>\n","protected":false},"excerpt":{"rendered":"<p>Cali, a\u00f1o tras a\u00f1o, con la experiencia de personal m\u00e9dico, con las inversiones que ha recibido en el sector salud, con el desarrollo de su plataforma cl\u00faster de Excelencia Cl\u00ednica y, adicionalmente, teniendo en su territorio dos de 10 cl\u00ednicas m\u00e1s importantes de Am\u00e9rica Latina, como lo son Imbanaco y Valle del Lili, se ratifica [&hellip;]<\/p>\n","protected":false},"author":1,"featured_media":3357,"comment_status":"open","ping_status":"open","sticky":false,"template":"","format":"standard","meta":{"om_disable_all_campaigns":false,"_monsterinsights_skip_tracking":false,"_monsterinsights_sitenote_active":false,"_monsterinsights_sitenote_note":"","_monsterinsights_sitenote_category":0,"footnotes":""},"categories":[18],"tags":[],"class_list":{"0":"post-3356","1":"post","2":"type-post","3":"status-publish","4":"format-standard","5":"has-post-thumbnail","7":"category-opinion"},"aioseo_notices":[],"_links":{"self":[{"href":"https:\/\/deninsonmendoza.com\/index.php\/wp-json\/wp\/v2\/posts\/3356","targetHints":{"allow":["GET"]}}],"collection":[{"href":"https:\/\/deninsonmendoza.com\/index.php\/wp-json\/wp\/v2\/posts"}],"about":[{"href":"https:\/\/deninsonmendoza.com\/index.php\/wp-json\/wp\/v2\/types\/post"}],"author":[{"embeddable":true,"href":"https:\/\/deninsonmendoza.com\/index.php\/wp-json\/wp\/v2\/users\/1"}],"replies":[{"embeddable":true,"href":"https:\/\/deninsonmendoza.com\/index.php\/wp-json\/wp\/v2\/comments?post=3356"}],"version-history":[{"count":1,"href":"https:\/\/deninsonmendoza.com\/index.php\/wp-json\/wp\/v2\/posts\/3356\/revisions"}],"predecessor-version":[{"id":3358,"href":"https:\/\/deninsonmendoza.com\/index.php\/wp-json\/wp\/v2\/posts\/3356\/revisions\/3358"}],"wp:featuredmedia":[{"embeddable":true,"href":"https:\/\/deninsonmendoza.com\/index.php\/wp-json\/wp\/v2\/media\/3357"}],"wp:attachment":[{"href":"https:\/\/deninsonmendoza.com\/index.php\/wp-json\/wp\/v2\/media?parent=3356"}],"wp:term":[{"taxonomy":"category","embeddable":true,"href":"https:\/\/deninsonmendoza.com\/index.php\/wp-json\/wp\/v2\/categories?post=3356"},{"taxonomy":"post_tag","embeddable":true,"href":"https:\/\/deninsonmendoza.com\/index.php\/wp-json\/wp\/v2\/tags?post=3356"}],"curies":[{"name":"wp","href":"https:\/\/api.w.org\/{rel}","templated":true}]}}