{"id":3364,"date":"2024-02-29T15:30:05","date_gmt":"2024-02-29T20:30:05","guid":{"rendered":"https:\/\/deninsonmendoza.com\/?p=3364"},"modified":"2024-02-29T15:30:07","modified_gmt":"2024-02-29T20:30:07","slug":"por-que-corea-el-gran-aliado-de-cali-y-el-valle","status":"publish","type":"post","link":"https:\/\/deninsonmendoza.com\/index.php\/2024\/02\/29\/por-que-corea-el-gran-aliado-de-cali-y-el-valle\/","title":{"rendered":"\u00bfPor qu\u00e9 Corea el gran aliado de Cali y el Valle?"},"content":{"rendered":"\n<figure class=\"wp-block-image size-large\"><img loading=\"lazy\" decoding=\"async\" width=\"1024\" height=\"724\" src=\"https:\/\/deninsonmendoza.com\/wp-content\/uploads\/2024\/02\/Corea-del-Sur-Cali-valle.jpg-1024x724.webp\" alt=\"\" class=\"wp-image-3365\" srcset=\"https:\/\/deninsonmendoza.com\/wp-content\/uploads\/2024\/02\/Corea-del-Sur-Cali-valle.jpg-1024x724.webp 1024w, https:\/\/deninsonmendoza.com\/wp-content\/uploads\/2024\/02\/Corea-del-Sur-Cali-valle.jpg-300x212.webp 300w, https:\/\/deninsonmendoza.com\/wp-content\/uploads\/2024\/02\/Corea-del-Sur-Cali-valle.jpg-768x543.webp 768w, https:\/\/deninsonmendoza.com\/wp-content\/uploads\/2024\/02\/Corea-del-Sur-Cali-valle.jpg-1536x1087.webp 1536w, https:\/\/deninsonmendoza.com\/wp-content\/uploads\/2024\/02\/Corea-del-Sur-Cali-valle.jpg-450x318.webp 450w, https:\/\/deninsonmendoza.com\/wp-content\/uploads\/2024\/02\/Corea-del-Sur-Cali-valle.jpg-780x552.webp 780w, https:\/\/deninsonmendoza.com\/wp-content\/uploads\/2024\/02\/Corea-del-Sur-Cali-valle.jpg.webp 1600w\" sizes=\"auto, (max-width: 1024px) 100vw, 1024px\" \/><\/figure>\n\n\n\n<p><\/p>\n\n\n\n<p><\/p>\n\n\n\n<p>Para nadie es un secreto lo que ha pasado en los \u00faltimos 40 a\u00f1os en Corea del Sur con el desarrollo y las apuestas del crecimiento y desarrollo econ\u00f3mico, mostr\u00e1ndolo como un ejemplo de progreso para pa\u00edses como el nuestro que se encuentra en esa v\u00eda.<\/p>\n\n\n\n<p><\/p>\n\n\n\n<p>La apertura de sus mercados y las expediciones por potencias mundiales, les permiti\u00f3 identificar y aprender mecanismos, herramientas y t\u00e9cnicas de manofacturaci\u00f3n, especialmente en temas de tecnolog\u00eda, involucr\u00e1ndose fuertemente en dos cl\u00fasters: el de los autom\u00f3viles y el de los aparatos tecnol\u00f3gicos. Marcas empezaron a surgir desde el sector privado, generando empleo y desarrollo a la regi\u00f3n, contando con inversiones desde lo p\u00fablico para que estos nuevos grupos de mercado se expandieran exponencialmente en el mundo.<\/p>\n\n\n\n<p><\/p>\n\n\n\n<p>Adem\u00e1s, en Corea del Sur se empez\u00f3 a generar industrias paralelas que enriquecieron el mercado, como lo fue la industria de la producci\u00f3n de contenidos y cine, creando hoy el nuevo \u201cHollywood de Asia\u201d que, adicionalmente, propone el turismo hacia esa zona del mundo y el reconocimiento de una cultura que para occidente era totalmente desconocida.<\/p>\n\n\n\n<p><\/p>\n\n\n\n<p>Esto conllev\u00f3 a que con el paso de los a\u00f1os los terrenos abandonados fueran pensadas como grandes ciudades, planificadas, que fueron potencializadas en los discursos de los nuevos mercados y llevadas hacia el desarrollo.<\/p>\n\n\n\n<p><\/p>\n\n\n\n<p>Los ciclos de innovaci\u00f3n en el desarrollo de productos, marcas de servicios y la innovaci\u00f3n en lo p\u00fablico, tambi\u00e9n fueron nuevos caminos que pudieran desarrollarse como Smart Cities, potencializando las t\u00e9cnicas de desarrollo sostenible y mejorando la calidad de vida de sus ciudadanos. Un pa\u00eds que permite aprender de c\u00f3mo se puede crecer desde el talento humano, creyendo en la mano de obra como el principal camino para el crecimiento econ\u00f3mico de un pa\u00eds y que ve en su gente la capacidad de producci\u00f3n.<\/p>\n\n\n\n<p><\/p>\n\n\n\n<p>Eso, es quiz\u00e1 lo que hoy el alcalde, Alejandro Eder, y la gobernadora del Valle, Dilian Francisca Toro, es lo que nos quieren traer con una visita m\u00e1s que necesaria, no solamente por la consecuci\u00f3n de recursos para la COP16 y la apertura de alianzas econ\u00f3micas, sino, tambi\u00e9n, para replicar modelos de productividad que pueden brindar m\u00e1s alternativa de trabajo para miles de cale\u00f1os que hoy se encuentran desocupados o buscan mejores opciones de ingresos.<\/p>\n\n\n\n<p><\/p>\n\n\n\n<p>Cali y el Valle del Cauca, dos regiones que deben enmarcar sus esfuerzos en la innovaci\u00f3n, de la mano de la capacidad productiva que tienen sus habitantes, permitiendo convertirse en la nueva Corea de Suram\u00e9rica.<\/p>\n","protected":false},"excerpt":{"rendered":"<p>Para nadie es un secreto lo que ha pasado en los \u00faltimos 40 a\u00f1os en Corea del Sur con el desarrollo y las apuestas del crecimiento y desarrollo econ\u00f3mico, mostr\u00e1ndolo como un ejemplo de progreso para pa\u00edses como el nuestro que se encuentra en esa v\u00eda. La apertura de sus mercados y las expediciones por [&hellip;]<\/p>\n","protected":false},"author":1,"featured_media":3365,"comment_status":"open","ping_status":"open","sticky":false,"template":"","format":"standard","meta":{"om_disable_all_campaigns":false,"_monsterinsights_skip_tracking":false,"_monsterinsights_sitenote_active":false,"_monsterinsights_sitenote_note":"","_monsterinsights_sitenote_category":0,"footnotes":""},"categories":[18],"tags":[],"class_list":{"0":"post-3364","1":"post","2":"type-post","3":"status-publish","4":"format-standard","5":"has-post-thumbnail","7":"category-opinion"},"aioseo_notices":[],"_links":{"self":[{"href":"https:\/\/deninsonmendoza.com\/index.php\/wp-json\/wp\/v2\/posts\/3364","targetHints":{"allow":["GET"]}}],"collection":[{"href":"https:\/\/deninsonmendoza.com\/index.php\/wp-json\/wp\/v2\/posts"}],"about":[{"href":"https:\/\/deninsonmendoza.com\/index.php\/wp-json\/wp\/v2\/types\/post"}],"author":[{"embeddable":true,"href":"https:\/\/deninsonmendoza.com\/index.php\/wp-json\/wp\/v2\/users\/1"}],"replies":[{"embeddable":true,"href":"https:\/\/deninsonmendoza.com\/index.php\/wp-json\/wp\/v2\/comments?post=3364"}],"version-history":[{"count":1,"href":"https:\/\/deninsonmendoza.com\/index.php\/wp-json\/wp\/v2\/posts\/3364\/revisions"}],"predecessor-version":[{"id":3366,"href":"https:\/\/deninsonmendoza.com\/index.php\/wp-json\/wp\/v2\/posts\/3364\/revisions\/3366"}],"wp:featuredmedia":[{"embeddable":true,"href":"https:\/\/deninsonmendoza.com\/index.php\/wp-json\/wp\/v2\/media\/3365"}],"wp:attachment":[{"href":"https:\/\/deninsonmendoza.com\/index.php\/wp-json\/wp\/v2\/media?parent=3364"}],"wp:term":[{"taxonomy":"category","embeddable":true,"href":"https:\/\/deninsonmendoza.com\/index.php\/wp-json\/wp\/v2\/categories?post=3364"},{"taxonomy":"post_tag","embeddable":true,"href":"https:\/\/deninsonmendoza.com\/index.php\/wp-json\/wp\/v2\/tags?post=3364"}],"curies":[{"name":"wp","href":"https:\/\/api.w.org\/{rel}","templated":true}]}}