{"id":3368,"date":"2024-03-15T10:07:11","date_gmt":"2024-03-15T15:07:11","guid":{"rendered":"https:\/\/deninsonmendoza.com\/?p=3368"},"modified":"2024-03-15T10:07:14","modified_gmt":"2024-03-15T15:07:14","slug":"distrito-de-innovacion-del-valle-del-cauca-tecnologia-e-innovacion-para-la-region","status":"publish","type":"post","link":"https:\/\/deninsonmendoza.com\/index.php\/2024\/03\/15\/distrito-de-innovacion-del-valle-del-cauca-tecnologia-e-innovacion-para-la-region\/","title":{"rendered":"Distrito de Innovaci\u00f3n del Valle del Cauca: Tecnolog\u00eda e innovaci\u00f3n para la regi\u00f3n"},"content":{"rendered":"\n<figure class=\"wp-block-image size-large\"><img loading=\"lazy\" decoding=\"async\" width=\"1024\" height=\"535\" src=\"https:\/\/deninsonmendoza.com\/wp-content\/uploads\/2024\/03\/Innovacion-1024x535.jpg\" alt=\"\" class=\"wp-image-3369\" srcset=\"https:\/\/deninsonmendoza.com\/wp-content\/uploads\/2024\/03\/Innovacion-1024x535.jpg 1024w, https:\/\/deninsonmendoza.com\/wp-content\/uploads\/2024\/03\/Innovacion-300x157.jpg 300w, https:\/\/deninsonmendoza.com\/wp-content\/uploads\/2024\/03\/Innovacion-768x402.jpg 768w, https:\/\/deninsonmendoza.com\/wp-content\/uploads\/2024\/03\/Innovacion-450x235.jpg 450w, https:\/\/deninsonmendoza.com\/wp-content\/uploads\/2024\/03\/Innovacion-780x408.jpg 780w, https:\/\/deninsonmendoza.com\/wp-content\/uploads\/2024\/03\/Innovacion.jpg 1379w\" sizes=\"auto, (max-width: 1024px) 100vw, 1024px\" \/><\/figure>\n\n\n\n<p><\/p>\n\n\n\n<p>Hace varios a\u00f1os, cuando fui el Secretario de Desarrollo Econ\u00f3mico y Competitividad de la Gobernaci\u00f3n, iniciamos la creaci\u00f3n del Distrito de Innovaci\u00f3n regional del Valle DIVA, un proyecto que fue apoyado por el Ministerio de Ciencias y que recibi\u00f3 tambi\u00e9n el respaldo de distintos sectores gremiales, acad\u00e9micos y sociales, para que se pudiera tener en la regi\u00f3n un crecimiento econ\u00f3mico a trav\u00e9s de la focalizaci\u00f3n de sus enfoques tecnol\u00f3gicos y de innovaci\u00f3n.<\/p>\n\n\n\n<p><\/p>\n\n\n\n<p>Hoy, casi 7 a\u00f1os despu\u00e9s, el reto continua, y se ve venir el lanzamiento y la puesta en marcha de una instancia que va a invitar a todos los steakholders a trabajar unidos en la creaci\u00f3n, fortalecimiento y proyecci\u00f3n de esta iniciativa, que aunque nace desde lo p\u00fablico, necesitar\u00e1 de la cohesi\u00f3n de la cu\u00e1druple h\u00e9lice (Universidad, Empresa, Estado y Sociedad Civil), ser\u00e1 esta la oportunidad de seguir generando la confianza de inversionistas que vean en nuestra regi\u00f3n un espacio creaci\u00f3n de empresas, de atracci\u00f3n de inversi\u00f3n en los procesos de innovaci\u00f3n para exportaciones de servicios y productos, que, a su vez, traer\u00e1 d\u00f3lares a la econom\u00eda, significando que para Cali y el Valle haya un nuevo potencial de crecimiento.<\/p>\n\n\n\n<p><\/p>\n\n\n\n<p>Existen hoy nodos de desarrollo en Cali y en el Valle del Cauca que permitir\u00e1n que cada subregi\u00f3n del departamento pueda focalizar sus esfuerzos econ\u00f3micos, acad\u00e9micos y sociales para que sus sub-econom\u00edas, tengan desarrollo y crecimiento economico para de esta manera generar los empleos.<\/p>\n\n\n\n<p><\/p>\n\n\n\n<p>A su vez, en Cali existe una zona dedicada a la academia, en el sur de la ciudad donde confluyen m\u00e1s de 11 universidades privadas y p\u00fablicas y eso, hace 10 a\u00f1os, atrajo la inversi\u00f3n desde el sur del continente de una empresa uruguaya, que de la mano de una de las grandes familias del departamento, se cre\u00f3 el proyecto Zona Am\u00e9rica, proyecto que en su totalidad tendr\u00e1 18 edificios dedicados a la innovaci\u00f3n y a la tecnolog\u00eda y que permitir\u00e1 que desde la capital del Pac\u00edfico se genere un crecimiento en los programas y carreras de la cuarta revoluci\u00f3n industrial, abriendo el espectro laboral para m\u00e1s de 17.000 j\u00f3venes de la regi\u00f3n con empleos y ocupaciones en estas areas; pero, adem\u00e1s, fortaleciendo el sector empresarial haciendo que sean m\u00e1s las empresas cale\u00f1as dentro de las m\u00e1s importantes en el cl\u00faster de innovaci\u00f3n y econom\u00eda digital del pa\u00eds.<\/p>\n\n\n\n<p><\/p>\n\n\n\n<p>Muy pronto, la gobernadora del Valle, Dilian Francisca Toro, y el nuevo Secretario de Desarrollo Economico, nos dar\u00e1n una sorpresa con la instalaci\u00f3n y el lanzamiento de DIVA, que ser\u00e1 el potencializador principal de la econom\u00eda de la regi\u00f3n y, a su vez, el alcalde de Cali, Alejandro Eder, con su equipo, inaugurar\u00e1 el Parque Tecnol\u00f3gico San Fernando, que tambi\u00e9n tendr\u00e1 que trabajar con DIVA, para que el trabajo en equipo no lleve a la nueva era a la regi\u00f3n.<\/p>\n","protected":false},"excerpt":{"rendered":"<p>Hace varios a\u00f1os, cuando fui el Secretario de Desarrollo Econ\u00f3mico y Competitividad de la Gobernaci\u00f3n, iniciamos la creaci\u00f3n del Distrito de Innovaci\u00f3n regional del Valle DIVA, un proyecto que fue apoyado por el Ministerio de Ciencias y que recibi\u00f3 tambi\u00e9n el respaldo de distintos sectores gremiales, acad\u00e9micos y sociales, para que se pudiera tener en [&hellip;]<\/p>\n","protected":false},"author":1,"featured_media":3369,"comment_status":"open","ping_status":"open","sticky":false,"template":"","format":"standard","meta":{"om_disable_all_campaigns":false,"_monsterinsights_skip_tracking":false,"_monsterinsights_sitenote_active":false,"_monsterinsights_sitenote_note":"","_monsterinsights_sitenote_category":0,"footnotes":""},"categories":[18],"tags":[],"class_list":{"0":"post-3368","1":"post","2":"type-post","3":"status-publish","4":"format-standard","5":"has-post-thumbnail","7":"category-opinion"},"aioseo_notices":[],"_links":{"self":[{"href":"https:\/\/deninsonmendoza.com\/index.php\/wp-json\/wp\/v2\/posts\/3368","targetHints":{"allow":["GET"]}}],"collection":[{"href":"https:\/\/deninsonmendoza.com\/index.php\/wp-json\/wp\/v2\/posts"}],"about":[{"href":"https:\/\/deninsonmendoza.com\/index.php\/wp-json\/wp\/v2\/types\/post"}],"author":[{"embeddable":true,"href":"https:\/\/deninsonmendoza.com\/index.php\/wp-json\/wp\/v2\/users\/1"}],"replies":[{"embeddable":true,"href":"https:\/\/deninsonmendoza.com\/index.php\/wp-json\/wp\/v2\/comments?post=3368"}],"version-history":[{"count":1,"href":"https:\/\/deninsonmendoza.com\/index.php\/wp-json\/wp\/v2\/posts\/3368\/revisions"}],"predecessor-version":[{"id":3370,"href":"https:\/\/deninsonmendoza.com\/index.php\/wp-json\/wp\/v2\/posts\/3368\/revisions\/3370"}],"wp:featuredmedia":[{"embeddable":true,"href":"https:\/\/deninsonmendoza.com\/index.php\/wp-json\/wp\/v2\/media\/3369"}],"wp:attachment":[{"href":"https:\/\/deninsonmendoza.com\/index.php\/wp-json\/wp\/v2\/media?parent=3368"}],"wp:term":[{"taxonomy":"category","embeddable":true,"href":"https:\/\/deninsonmendoza.com\/index.php\/wp-json\/wp\/v2\/categories?post=3368"},{"taxonomy":"post_tag","embeddable":true,"href":"https:\/\/deninsonmendoza.com\/index.php\/wp-json\/wp\/v2\/tags?post=3368"}],"curies":[{"name":"wp","href":"https:\/\/api.w.org\/{rel}","templated":true}]}}