{"id":3376,"date":"2024-05-08T12:31:46","date_gmt":"2024-05-08T17:31:46","guid":{"rendered":"https:\/\/deninsonmendoza.com\/?p=3376"},"modified":"2024-05-08T12:31:47","modified_gmt":"2024-05-08T17:31:47","slug":"un-plan-de-desarrollo-para-la-gente-no-para-los-escritorios","status":"publish","type":"post","link":"https:\/\/deninsonmendoza.com\/index.php\/2024\/05\/08\/un-plan-de-desarrollo-para-la-gente-no-para-los-escritorios\/","title":{"rendered":"Un plan de desarrollo para la gente, no para los escritorios"},"content":{"rendered":"\n<figure class=\"wp-block-image size-large\"><img loading=\"lazy\" decoding=\"async\" width=\"1024\" height=\"576\" src=\"https:\/\/deninsonmendoza.com\/wp-content\/uploads\/2024\/05\/Santiago-de-Cali-2-2048x1152-1-1024x576.jpg\" alt=\"\" class=\"wp-image-3378\" srcset=\"https:\/\/deninsonmendoza.com\/wp-content\/uploads\/2024\/05\/Santiago-de-Cali-2-2048x1152-1-1024x576.jpg 1024w, https:\/\/deninsonmendoza.com\/wp-content\/uploads\/2024\/05\/Santiago-de-Cali-2-2048x1152-1-300x169.jpg 300w, https:\/\/deninsonmendoza.com\/wp-content\/uploads\/2024\/05\/Santiago-de-Cali-2-2048x1152-1-768x432.jpg 768w, https:\/\/deninsonmendoza.com\/wp-content\/uploads\/2024\/05\/Santiago-de-Cali-2-2048x1152-1-1536x864.jpg 1536w, https:\/\/deninsonmendoza.com\/wp-content\/uploads\/2024\/05\/Santiago-de-Cali-2-2048x1152-1-450x253.jpg 450w, https:\/\/deninsonmendoza.com\/wp-content\/uploads\/2024\/05\/Santiago-de-Cali-2-2048x1152-1-780x439.jpg 780w, https:\/\/deninsonmendoza.com\/wp-content\/uploads\/2024\/05\/Santiago-de-Cali-2-2048x1152-1-1600x900.jpg 1600w, https:\/\/deninsonmendoza.com\/wp-content\/uploads\/2024\/05\/Santiago-de-Cali-2-2048x1152-1.jpg 2048w\" sizes=\"auto, (max-width: 1024px) 100vw, 1024px\" \/><\/figure>\n\n\n\n<p><\/p>\n\n\n\n<p>Se present\u00f3 el nuevo Plan de Desarrollo para Cali, un documento quiere que nuestra ciudad se afiance como la capital del pac\u00edfico colombiano. Un proyecto que tiene, dentro de sus principales l\u00edneas, la frase REIVINDICACI\u00d3N SOCIAL, que creo es una herramienta fundamental para la actualidad de la ciudad.<\/p>\n\n\n\n<p><\/p>\n\n\n\n<p>Es que los cale\u00f1os, todas y todos, debemos unirnos a pensar como ciudadan\u00eda. A que nos repensemos a Cali en ese plan de 500 A\u00f1os y que revivamos esta ciudad desde lo m\u00e1s profundo de nuestros barrios, desde nuestras comunas, desde la cultura que est\u00e1 arraigada en este plan de Cali Capital del Pac\u00edfico y se hable con Cali Distrito Especial.<\/p>\n\n\n\n<p><\/p>\n\n\n\n<p>Hay que ir a todos los barrios a socializar este Plan de Desarrollo, pero m\u00e1s importante, que los secretarios de despacho que hoy, muchos de ellos, est\u00e1n en deuda con la gran parte de la ciudad, ya que llevan 4 meses aprendiendo a c\u00f3mo se debe manejar la ciudad y falta la verdadera acci\u00f3n en los territorios, Cali no da espera a aprendizajes.<\/p>\n\n\n\n<p><\/p>\n\n\n\n<p>Y es que una ciudad no depende \u00fanica y exclusivamente del mandato de un alcalde, son ellos, los jefes de despacho y carteras, los que deben llegar a las particularidades de cada sector de Cali, donde escuche y se adapten a las verdaderas necesidades de cada ciudadano y que, a partir de ah\u00ed, se construya la Capital del Pac\u00edfico hacia el futuro.<\/p>\n\n\n\n<p><\/p>\n\n\n\n<p>Cali necesita que todas y todos aquellos que llegaron al gobierno, pero tambi\u00e9n los Concejales, los Ediles y los presidentes de las JACS, que la Polic\u00eda Nacional y todas las instituciones de gobierno est\u00e9n al servicio de la comunidad.<\/p>\n\n\n\n<p><\/p>\n\n\n\n<p>Ser\u00e1 fundamental que, ese conocimiento urbano y rural, que solamente lo da el salir a las calles y hablar directamente con la comunidad, se integren con verdaderas estrategias de innovaci\u00f3n y tecnolog\u00eda, que se ponga al servicio de los ciudadanos, para construir una Cali Ciudad Inteligente, Distrito de Innovaci\u00f3n.<\/p>\n\n\n\n<p><\/p>\n\n\n\n<p>Cali est\u00e1 cansada de los planes de desarrollo que solo se piensan desde los escritorios sin tener en cuenta las verdaderas necesidades. Estamos ad portas de recibir el COP 16, uno de los m\u00e1s importantes eventos de nuestra historia y del pa\u00eds, necesitamos que cada cale\u00f1o, de aqu\u00ed o de acull\u00e1, sienta esta ciudad como suya y eso solo se podr\u00e1 con un alto sentido de pertenencia como Cali Capital del Pac\u00edfico.<\/p>\n\n\n\n<p><\/p>\n\n\n\n<p>Nuestra ciudad merece grandes dirigentes, estoy seguro que la mayor\u00eda de los que hoy est\u00e1n tienen la capacidad para aportarle a mi Cali Bella, pero hay que salir de las oficinas y volcarse a las calles a trabajar de la mano con quienes generar\u00e1n el desarrollo de nuestro futuro, los ciudadanos.<\/p>\n","protected":false},"excerpt":{"rendered":"<p>Se present\u00f3 el nuevo Plan de Desarrollo para Cali, un documento quiere que nuestra ciudad se afiance como la capital del pac\u00edfico colombiano. Un proyecto que tiene, dentro de sus principales l\u00edneas, la frase REIVINDICACI\u00d3N SOCIAL, que creo es una herramienta fundamental para la actualidad de la ciudad. Es que los cale\u00f1os, todas y todos, [&hellip;]<\/p>\n","protected":false},"author":1,"featured_media":3378,"comment_status":"open","ping_status":"open","sticky":false,"template":"","format":"standard","meta":{"om_disable_all_campaigns":false,"_monsterinsights_skip_tracking":false,"_monsterinsights_sitenote_active":false,"_monsterinsights_sitenote_note":"","_monsterinsights_sitenote_category":0,"footnotes":""},"categories":[18],"tags":[],"class_list":{"0":"post-3376","1":"post","2":"type-post","3":"status-publish","4":"format-standard","5":"has-post-thumbnail","7":"category-opinion"},"aioseo_notices":[],"_links":{"self":[{"href":"https:\/\/deninsonmendoza.com\/index.php\/wp-json\/wp\/v2\/posts\/3376","targetHints":{"allow":["GET"]}}],"collection":[{"href":"https:\/\/deninsonmendoza.com\/index.php\/wp-json\/wp\/v2\/posts"}],"about":[{"href":"https:\/\/deninsonmendoza.com\/index.php\/wp-json\/wp\/v2\/types\/post"}],"author":[{"embeddable":true,"href":"https:\/\/deninsonmendoza.com\/index.php\/wp-json\/wp\/v2\/users\/1"}],"replies":[{"embeddable":true,"href":"https:\/\/deninsonmendoza.com\/index.php\/wp-json\/wp\/v2\/comments?post=3376"}],"version-history":[{"count":1,"href":"https:\/\/deninsonmendoza.com\/index.php\/wp-json\/wp\/v2\/posts\/3376\/revisions"}],"predecessor-version":[{"id":3379,"href":"https:\/\/deninsonmendoza.com\/index.php\/wp-json\/wp\/v2\/posts\/3376\/revisions\/3379"}],"wp:featuredmedia":[{"embeddable":true,"href":"https:\/\/deninsonmendoza.com\/index.php\/wp-json\/wp\/v2\/media\/3378"}],"wp:attachment":[{"href":"https:\/\/deninsonmendoza.com\/index.php\/wp-json\/wp\/v2\/media?parent=3376"}],"wp:term":[{"taxonomy":"category","embeddable":true,"href":"https:\/\/deninsonmendoza.com\/index.php\/wp-json\/wp\/v2\/categories?post=3376"},{"taxonomy":"post_tag","embeddable":true,"href":"https:\/\/deninsonmendoza.com\/index.php\/wp-json\/wp\/v2\/tags?post=3376"}],"curies":[{"name":"wp","href":"https:\/\/api.w.org\/{rel}","templated":true}]}}