{"id":3382,"date":"2024-05-22T12:08:41","date_gmt":"2024-05-22T17:08:41","guid":{"rendered":"https:\/\/deninsonmendoza.com\/?p=3382"},"modified":"2024-05-22T12:08:43","modified_gmt":"2024-05-22T17:08:43","slug":"el-cambio-climatico-un-caos-para-nuestros-dirigentes","status":"publish","type":"post","link":"https:\/\/deninsonmendoza.com\/index.php\/2024\/05\/22\/el-cambio-climatico-un-caos-para-nuestros-dirigentes\/","title":{"rendered":"El cambio clim\u00e1tico, \u00bfun caos para nuestros dirigentes?"},"content":{"rendered":"\n<p><\/p>\n\n\n\n<figure class=\"wp-block-image size-full\"><img loading=\"lazy\" decoding=\"async\" width=\"660\" height=\"387\" src=\"https:\/\/deninsonmendoza.com\/wp-content\/uploads\/2024\/05\/Cambio-Climatico-Deninson-Mendoza.jpg\" alt=\"\" class=\"wp-image-3383\" srcset=\"https:\/\/deninsonmendoza.com\/wp-content\/uploads\/2024\/05\/Cambio-Climatico-Deninson-Mendoza.jpg 660w, https:\/\/deninsonmendoza.com\/wp-content\/uploads\/2024\/05\/Cambio-Climatico-Deninson-Mendoza-300x176.jpg 300w, https:\/\/deninsonmendoza.com\/wp-content\/uploads\/2024\/05\/Cambio-Climatico-Deninson-Mendoza-450x264.jpg 450w\" sizes=\"auto, (max-width: 660px) 100vw, 660px\" \/><\/figure>\n\n\n\n<p><\/p>\n\n\n\n<p>Todos como humanidad tenemos algo claro: el clima ha cambiado. Y es nuestra culpa, nos hemos portado con la naturaleza, hemos provocado una reacci\u00f3n que parece salirse de nuestras propias manos. El incorrecto uso de los residuos s\u00f3lidos, el desperdicio constante de agua, la tala de \u00e1rboles, las construcciones que piensan m\u00e1s en el enriquecimiento humano y no en el ambiente, nos han llevado a una descomposici\u00f3n del planeta que parece no tener reversa.<\/p>\n\n\n\n<p><\/p>\n\n\n\n<p>La humanidad ha avanzado hay tecnolog\u00edas especificas para el manejo de los residuos s\u00f3lidos y l\u00edquidos, pero el planeta va para atr\u00e1s. Como lo que ha pasado al norte de Brasil en las ultimas semanas, Colombia no es la excepci\u00f3n, esta semana hemos visto como en Cali, las lluvias llevaron a la ciudad al colapso, porque sus alcantarillados se rebosaron y no hubo posibilidad de controlar una precipitaci\u00f3n importante, pero quiz\u00e1 menos poderosa que las que se avecinan con el Fen\u00f3meno de la Ni\u00f1a, dejando damnificados con perdidas materiales e impidiendo la movilidad de sus ciudadanos por horas.<\/p>\n\n\n\n<p><\/p>\n\n\n\n<p>Sin embargo, esta es una historia que ya hab\u00eda sido contada, que ya hab\u00eda sido anunciada. Sectores aleda\u00f1os a nuestros siete r\u00edos o en los mal llamados canales de aguas lluvias, que al final siguen siendo ca\u00f1os, muy mal manejados por autoridades ambientales como la CVC, Emcali y el Dagma, vuelven a colapsar la ciudad sin ninguna actividad de prevenci\u00f3n. Pasamos de una gran sequ\u00eda sin acciones, a correr en medio de la emergencia.<\/p>\n\n\n\n<p><\/p>\n\n\n\n<p>Hecho que contrasta con la realidad que vivi\u00f3 Bogot\u00e1 hasta hace unas semanas y que hoy contin\u00faa con el plan de racionamientos, pese a la llegada de las primeras lluvias del a\u00f1o, por el mal uso que le dan los bogotanos al agua.<\/p>\n\n\n\n<p><\/p>\n\n\n\n<p>Es importante que los mandatarios entiendan algo: la responsabilidad no es solo de una ciudadan\u00eda ap\u00e1tica con el medio ambiente, el asumir como alcaldes de cualquier ciudad del pa\u00eds los convierte en los primeros responsables ante estas emergencias, pero desde la planeaci\u00f3n y la estrategia y no desde la reacci\u00f3n. Los alcaldes deben ser propositivos hacia los cambios clim\u00e1ticos y trabajar para evitar calamidades y no llevar a las ciudades al colapso, cuando ya no hay nada qu\u00e9 hacer. Los reservorios de agua, la limpieza de los canales y el uso de la tecnolog\u00eda para determinar acciones tempranas, son urgentes para controlar lo que podr\u00eda ser el inicio de una nueva forma de vida en el pa\u00eds.<\/p>\n\n\n\n<p><\/p>\n\n\n\n<p>En Cali urge la modernizaci\u00f3n de la mayor\u00eda de tramos de la red de acueducto, los cuales tienen m\u00e1s de 70 a\u00f1os de uso y que se quedan cortos ante el crecimiento exponencial de la ciudad. Este proyecto, que ya tiene recursos destinados por el gobierno nacional, $1.5 billones, tras la condonaci\u00f3n de la deuda a Emcali, debe ser complementados por un cr\u00e9dito de otros $1.5 billones que permitan el cambio total de la red en los pr\u00f3ximos 5 a\u00f1os. Eso, m\u00e1s all\u00e1 de un cambio de la malla vial, es un cambio para el futuro de los ciudadanos.<\/p>\n\n\n\n<p><\/p>\n\n\n\n<p>Pero los ciudadanos tambi\u00e9n tenemos que reaccionar. Lo que pas\u00f3 en Bogot\u00e1 ante la escasez, las emergencias por lluvia en el norte del pa\u00eds y las inundaciones en Cali, son las consecuencias de no medir nuestro comportamiento con una realidad mundial y por creer que a nosotros no nos pasar\u00e1, llegamos a un punto en donde quiz\u00e1 no haya vuelta atr\u00e1s.<\/p>\n","protected":false},"excerpt":{"rendered":"<p>Todos como humanidad tenemos algo claro: el clima ha cambiado. Y es nuestra culpa, nos hemos portado con la naturaleza, hemos provocado una reacci\u00f3n que parece salirse de nuestras propias manos. El incorrecto uso de los residuos s\u00f3lidos, el desperdicio constante de agua, la tala de \u00e1rboles, las construcciones que piensan m\u00e1s en el enriquecimiento [&hellip;]<\/p>\n","protected":false},"author":1,"featured_media":3383,"comment_status":"open","ping_status":"open","sticky":false,"template":"","format":"standard","meta":{"om_disable_all_campaigns":false,"_monsterinsights_skip_tracking":false,"_monsterinsights_sitenote_active":false,"_monsterinsights_sitenote_note":"","_monsterinsights_sitenote_category":0,"footnotes":""},"categories":[18],"tags":[],"class_list":{"0":"post-3382","1":"post","2":"type-post","3":"status-publish","4":"format-standard","5":"has-post-thumbnail","7":"category-opinion"},"aioseo_notices":[],"_links":{"self":[{"href":"https:\/\/deninsonmendoza.com\/index.php\/wp-json\/wp\/v2\/posts\/3382","targetHints":{"allow":["GET"]}}],"collection":[{"href":"https:\/\/deninsonmendoza.com\/index.php\/wp-json\/wp\/v2\/posts"}],"about":[{"href":"https:\/\/deninsonmendoza.com\/index.php\/wp-json\/wp\/v2\/types\/post"}],"author":[{"embeddable":true,"href":"https:\/\/deninsonmendoza.com\/index.php\/wp-json\/wp\/v2\/users\/1"}],"replies":[{"embeddable":true,"href":"https:\/\/deninsonmendoza.com\/index.php\/wp-json\/wp\/v2\/comments?post=3382"}],"version-history":[{"count":1,"href":"https:\/\/deninsonmendoza.com\/index.php\/wp-json\/wp\/v2\/posts\/3382\/revisions"}],"predecessor-version":[{"id":3384,"href":"https:\/\/deninsonmendoza.com\/index.php\/wp-json\/wp\/v2\/posts\/3382\/revisions\/3384"}],"wp:featuredmedia":[{"embeddable":true,"href":"https:\/\/deninsonmendoza.com\/index.php\/wp-json\/wp\/v2\/media\/3383"}],"wp:attachment":[{"href":"https:\/\/deninsonmendoza.com\/index.php\/wp-json\/wp\/v2\/media?parent=3382"}],"wp:term":[{"taxonomy":"category","embeddable":true,"href":"https:\/\/deninsonmendoza.com\/index.php\/wp-json\/wp\/v2\/categories?post=3382"},{"taxonomy":"post_tag","embeddable":true,"href":"https:\/\/deninsonmendoza.com\/index.php\/wp-json\/wp\/v2\/tags?post=3382"}],"curies":[{"name":"wp","href":"https:\/\/api.w.org\/{rel}","templated":true}]}}