{"id":3409,"date":"2024-07-29T15:47:31","date_gmt":"2024-07-29T20:47:31","guid":{"rendered":"https:\/\/deninsonmendoza.com\/?p=3409"},"modified":"2024-07-29T15:47:33","modified_gmt":"2024-07-29T20:47:33","slug":"nido-el-distrito-de-innovacion-de-cali-y-el-valle","status":"publish","type":"post","link":"https:\/\/deninsonmendoza.com\/index.php\/2024\/07\/29\/nido-el-distrito-de-innovacion-de-cali-y-el-valle\/","title":{"rendered":"NIDO, el Distrito de Innovaci\u00f3n de Cali y el Valle"},"content":{"rendered":"\n<figure class=\"wp-block-image size-large\"><img loading=\"lazy\" decoding=\"async\" width=\"1024\" height=\"658\" src=\"https:\/\/deninsonmendoza.com\/wp-content\/uploads\/2024\/07\/nido-valle-startups-1024x658.jpg\" alt=\"\" class=\"wp-image-3410\" srcset=\"https:\/\/deninsonmendoza.com\/wp-content\/uploads\/2024\/07\/nido-valle-startups-1024x658.jpg 1024w, https:\/\/deninsonmendoza.com\/wp-content\/uploads\/2024\/07\/nido-valle-startups-300x193.jpg 300w, https:\/\/deninsonmendoza.com\/wp-content\/uploads\/2024\/07\/nido-valle-startups-768x493.jpg 768w, https:\/\/deninsonmendoza.com\/wp-content\/uploads\/2024\/07\/nido-valle-startups-450x289.jpg 450w, https:\/\/deninsonmendoza.com\/wp-content\/uploads\/2024\/07\/nido-valle-startups-780x501.jpg 780w, https:\/\/deninsonmendoza.com\/wp-content\/uploads\/2024\/07\/nido-valle-startups.jpg 1280w\" sizes=\"auto, (max-width: 1024px) 100vw, 1024px\" \/><\/figure>\n\n\n\n<p><span style=\"font-family: &quot;Aptos Display&quot;, sans-serif; caret-color: rgb(0, 0, 0); color: rgb(0, 0, 0); font-size: 11pt; text-align: justify; white-space: normal;\">Desde hace siete a\u00f1os, el departamento del Valle del Cauca viene desarrollando una estrategia con la cual pretende generar una integraci\u00f3n de la cu\u00e1druple h\u00e9lice (sectores p\u00fablico, privados, academia y sociedad civil) que permita establecer oportunidades al ecosistema de Startups o empresas de base tecnologica, con alto potencial de crecimiento y que puedan convertir en empresas de talla mundial.<\/span><span style=\"font-family: &quot;Aptos Display&quot;, sans-serif; caret-color: rgb(0, 0, 0); color: rgb(0, 0, 0); font-size: 11pt; text-align: justify; white-space: normal;\">\u00a0<\/span><p class=\"MsoNormal\" style=\"margin: 0cm; font-size: 11pt; font-family: Calibri, sans-serif; caret-color: rgb(0, 0, 0); color: rgb(0, 0, 0); white-space: normal; text-align: justify;\"><span lang=\"es-419\" style=\"font-family: &quot;Aptos Display&quot;, sans-serif;\"><o:p>\u00a0<\/o:p><\/span><\/p><p class=\"MsoNormal\" style=\"margin: 0cm; font-size: 11pt; font-family: Calibri, sans-serif; caret-color: rgb(0, 0, 0); color: rgb(0, 0, 0); white-space: normal; text-align: justify;\"><span lang=\"es-419\" style=\"font-family: &quot;Aptos Display&quot;, sans-serif;\">Cali, en las \u00faltimas d\u00e9cadas, es uno de los nodos de innovaci\u00f3n en el pa\u00eds; hoy, est\u00e1 caminando en la construcci\u00f3n de un proyecto para consolidarse como uno de los epicentros de innovaci\u00f3n en Am\u00e9rica Latina a trav\u00e9s de proyectos que vinculen a los m\u00e1s osados para el desarrollo econ\u00f3mico de la regi\u00f3n.\u00a0<\/span><\/p><p class=\"MsoNormal\" style=\"margin: 0cm; font-size: 11pt; font-family: Calibri, sans-serif; caret-color: rgb(0, 0, 0); color: rgb(0, 0, 0); white-space: normal; text-align: justify;\"><span lang=\"es-419\" style=\"font-family: &quot;Aptos Display&quot;, sans-serif;\"><o:p>\u00a0<\/o:p><\/span><\/p><p class=\"MsoNormal\" style=\"margin: 0cm; font-size: 11pt; font-family: Calibri, sans-serif; caret-color: rgb(0, 0, 0); color: rgb(0, 0, 0); white-space: normal; text-align: justify;\"><span lang=\"es-419\" style=\"font-family: &quot;Aptos Display&quot;, sans-serif;\">Despu\u00e9s de la llegada de la gobernadora del Valle, Dilian Francisca Toro, y el alcalde de Cali, Alejandro Eder, esta estrategia, en conjunto con la C\u00e1mara de Comercio de Cali, pis\u00f3 el acelerador, aprovechando toda la di\u00e1spora de cale\u00f1os y vallecaucanos que estaban en otras regiones del pa\u00eds y fuera del mismo,\u00a0\u00a0fundando\u00a0\u00a0empresas y que ahora, desde la regi\u00f3n, permitan compartir sus experiencias para consolidar un ecosistema m\u00e1s seguro y prometedor.\u00a0<\/span><\/p><p class=\"MsoNormal\" style=\"margin: 0cm; font-size: 11pt; font-family: Calibri, sans-serif; caret-color: rgb(0, 0, 0); color: rgb(0, 0, 0); white-space: normal; text-align: justify;\"><span lang=\"es-419\" style=\"font-family: &quot;Aptos Display&quot;, sans-serif;\"><o:p>\u00a0<\/o:p><\/span><\/p><p class=\"MsoNormal\" style=\"margin: 0cm; font-size: 11pt; font-family: Calibri, sans-serif; caret-color: rgb(0, 0, 0); color: rgb(0, 0, 0); white-space: normal; text-align: justify;\"><span lang=\"es-419\" style=\"font-family: &quot;Aptos Display&quot;, sans-serif;\">Ah\u00ed, surge NIDO, un punto de encuentro de exitosos empresarios que llevan de la mano a nuevas startups para su consolidaci\u00f3n en el mercado. Pero, \u00bfqu\u00e9 es lo m\u00e1s importante que se hace en NIDO?\u00a0<\/span><\/p><p class=\"MsoNormal\" style=\"margin: 0cm; font-size: 11pt; font-family: Calibri, sans-serif; caret-color: rgb(0, 0, 0); color: rgb(0, 0, 0); white-space: normal; text-align: justify;\"><span lang=\"es-419\" style=\"font-family: &quot;Aptos Display&quot;, sans-serif;\"><o:p>\u00a0<\/o:p><\/span><\/p><p class=\"MsoNormal\" style=\"margin: 0cm; font-size: 11pt; font-family: Calibri, sans-serif; caret-color: rgb(0, 0, 0); color: rgb(0, 0, 0); white-space: normal; text-align: justify;\"><span lang=\"es-419\" style=\"font-family: &quot;Aptos Display&quot;, sans-serif;\">Hoy, es la implementaci\u00f3n del proyecto de Distrito de Innovaci\u00f3n del Valle del Cauca, el cual fue avalado y acompa\u00f1ado por un estudio realizado por la compa\u00f1\u00eda ubicada en Boston, Massachusetts, IXL Center, liderada por el doctor en Administraci\u00f3n Hitendra Patel, gur\u00fa de la innovaci\u00f3n mundial y que ha acompa\u00f1ado a posicionar esta estrategia. Este estudio dej\u00f3 claro las brechas y necesidades, pero sobretodo las potencialidades que ten\u00edan los emprendimientos de base tecnologica de nuestra regi\u00f3n y a partir de ah\u00ed se gener\u00f3 una ruta de acci\u00f3n liderada por el actual secretario de Desarrollo Econ\u00f3mico y Competitividad, Oscar Vivas, en conjunto con la Secretaria de Desarrollo Econ\u00f3mico de Cali y con la Direcci\u00f3n de Emprendimiento e Innovaci\u00f3n de la C\u00e1mara de Comercio de Cali.\u00a0<\/span><\/p><p class=\"MsoNormal\" style=\"margin: 0cm; font-size: 11pt; font-family: Calibri, sans-serif; caret-color: rgb(0, 0, 0); color: rgb(0, 0, 0); white-space: normal; text-align: justify;\"><span lang=\"es-419\" style=\"font-family: &quot;Aptos Display&quot;, sans-serif;\"><o:p>\u00a0<\/o:p><\/span><\/p><p class=\"MsoNormal\" style=\"margin: 0cm; font-size: 11pt; font-family: Calibri, sans-serif; caret-color: rgb(0, 0, 0); color: rgb(0, 0, 0); white-space: normal; text-align: justify;\"><span lang=\"es-419\" style=\"font-family: &quot;Aptos Display&quot;, sans-serif;\">Sin embargo, esta estrategia no es solo de ellos. El proyecto tiene aliados que est\u00e1n acompa\u00f1ando a emprendedores, a partir de la consolidaci\u00f3n de un centro de innovaci\u00f3n que se instal\u00f3 en la Zona Am\u00e9rica, zona franca de servicios \u00fanica en LATAM, donde est\u00e1n empresas de base tecnol\u00f3gica, ah\u00ed se tiene un espacio de 500 mts2 a manera de coworking Space, para\u00a0<i>anidar<\/i>\u00a0hoy a m\u00e1s de 35 startups con tres programas que buscan incubar, acelerar y expandir proyectos de gran potencial econ\u00f3mico para la regi\u00f3n, llev\u00e1ndolas a empresas de talla mundial.\u00a0<\/span><\/p><p class=\"MsoNormal\" style=\"margin: 0cm; font-size: 11pt; font-family: Calibri, sans-serif; caret-color: rgb(0, 0, 0); color: rgb(0, 0, 0); white-space: normal; text-align: justify;\"><span lang=\"es-419\" style=\"font-family: &quot;Aptos Display&quot;, sans-serif;\"><o:p>\u00a0<\/o:p><\/span><\/p><p class=\"MsoNormal\" style=\"margin: 0cm; font-size: 11pt; font-family: Calibri, sans-serif; caret-color: rgb(0, 0, 0); color: rgb(0, 0, 0); white-space: normal; text-align: justify;\"><span lang=\"es-419\" style=\"font-family: &quot;Aptos Display&quot;, sans-serif;\">Adem\u00e1s, la estrateg\u00eda NIDO busca descentralizar el conocimiento, por lo que a partir del mes de septiembre se instalar\u00e1 una nueva base en Cali, el cual quedar\u00e1 ubicado en el Parque Tecnol\u00f3gico San Fernando, hoy Centro para la ciencia, la tecnolog\u00eda y la inteligencia artificial, en todo el centro de la ciudad, para, posteriormente, llevar el proyecto a otros municipios de la mano de las alcald\u00edas locales y permitir que m\u00e1s emprendedores y corporativos logren catapultar sus negocios en todo el Valle del Cauca y exportar sus servicios, productos y conocimientos al mundo entero.\u00a0<\/span><\/p><p class=\"MsoNormal\" style=\"margin: 0cm; font-size: 11pt; font-family: Calibri, sans-serif; caret-color: rgb(0, 0, 0); color: rgb(0, 0, 0); white-space: normal; text-align: justify;\"><span lang=\"es-419\" style=\"font-family: &quot;Aptos Display&quot;, sans-serif;\"><o:p>\u00a0<\/o:p><\/span><\/p><p class=\"MsoNormal\" style=\"margin: 0cm; font-size: 11pt; font-family: Calibri, sans-serif; caret-color: rgb(0, 0, 0); color: rgb(0, 0, 0); white-space: normal; text-align: justify;\"><span lang=\"es-419\" style=\"font-family: &quot;Aptos Display&quot;, sans-serif;\">Finalmente, se espera que NIDO el pr\u00f3ximo a\u00f1o se fortalezca , se desarrolle un proceso de gobernanza, desde un escenario de sostenibilidad, pasando de un liderazgo p\u00fablico, al apoyo de multilatinas de la regi\u00f3n, que ayuden a atraer inversi\u00f3n, desde los fondos\u00a0\u00a0de inversi\u00f3n, pensando que en 20 a\u00f1os sean los precursores del desarrollo tecnol\u00f3gico de la regi\u00f3n.\u00a0<\/span><\/p><p class=\"MsoNormal\" style=\"margin: 0cm; font-size: 11pt; font-family: Calibri, sans-serif; caret-color: rgb(0, 0, 0); color: rgb(0, 0, 0); white-space: normal; text-align: justify;\"><span lang=\"es-419\" style=\"font-family: &quot;Aptos Display&quot;, sans-serif;\"><o:p>\u00a0<\/o:p><\/span><\/p><p class=\"MsoNormal\" style=\"margin: 0cm; font-size: 11pt; font-family: Calibri, sans-serif; caret-color: rgb(0, 0, 0); color: rgb(0, 0, 0); white-space: normal; text-align: justify;\"><span lang=\"es-419\" style=\"font-family: &quot;Aptos Display&quot;, sans-serif;\">NIDO est\u00e1 creciendo y pronto les contar\u00e9 los nuevos avances de un proyecto que ayudar\u00e1 al crecimiento de nuestra regi\u00f3n y del pa\u00eds.\u00a0<\/span><\/p><\/p>\n","protected":false},"excerpt":{"rendered":"<p>Desde hace siete a\u00f1os, el departamento del Valle del Cauca viene desarrollando una estrategia con la cual pretende generar una integraci\u00f3n de la cu\u00e1druple h\u00e9lice (sectores p\u00fablico, privados, academia y sociedad civil) que permita establecer oportunidades al ecosistema de Startups o empresas de base tecnologica, con alto potencial de crecimiento y que puedan convertir en [&hellip;]<\/p>\n","protected":false},"author":1,"featured_media":3410,"comment_status":"open","ping_status":"open","sticky":false,"template":"","format":"standard","meta":{"om_disable_all_campaigns":false,"_monsterinsights_skip_tracking":false,"_monsterinsights_sitenote_active":false,"_monsterinsights_sitenote_note":"","_monsterinsights_sitenote_category":0,"footnotes":""},"categories":[18],"tags":[32,33,58,56,59,57],"class_list":{"0":"post-3409","1":"post","2":"type-post","3":"status-publish","4":"format-standard","5":"has-post-thumbnail","7":"category-opinion","8":"tag-cali","9":"tag-deninson","10":"tag-emprendimiento","11":"tag-nido","12":"tag-startup","13":"tag-valle-del-cauca"},"aioseo_notices":[],"_links":{"self":[{"href":"https:\/\/deninsonmendoza.com\/index.php\/wp-json\/wp\/v2\/posts\/3409","targetHints":{"allow":["GET"]}}],"collection":[{"href":"https:\/\/deninsonmendoza.com\/index.php\/wp-json\/wp\/v2\/posts"}],"about":[{"href":"https:\/\/deninsonmendoza.com\/index.php\/wp-json\/wp\/v2\/types\/post"}],"author":[{"embeddable":true,"href":"https:\/\/deninsonmendoza.com\/index.php\/wp-json\/wp\/v2\/users\/1"}],"replies":[{"embeddable":true,"href":"https:\/\/deninsonmendoza.com\/index.php\/wp-json\/wp\/v2\/comments?post=3409"}],"version-history":[{"count":1,"href":"https:\/\/deninsonmendoza.com\/index.php\/wp-json\/wp\/v2\/posts\/3409\/revisions"}],"predecessor-version":[{"id":3411,"href":"https:\/\/deninsonmendoza.com\/index.php\/wp-json\/wp\/v2\/posts\/3409\/revisions\/3411"}],"wp:featuredmedia":[{"embeddable":true,"href":"https:\/\/deninsonmendoza.com\/index.php\/wp-json\/wp\/v2\/media\/3410"}],"wp:attachment":[{"href":"https:\/\/deninsonmendoza.com\/index.php\/wp-json\/wp\/v2\/media?parent=3409"}],"wp:term":[{"taxonomy":"category","embeddable":true,"href":"https:\/\/deninsonmendoza.com\/index.php\/wp-json\/wp\/v2\/categories?post=3409"},{"taxonomy":"post_tag","embeddable":true,"href":"https:\/\/deninsonmendoza.com\/index.php\/wp-json\/wp\/v2\/tags?post=3409"}],"curies":[{"name":"wp","href":"https:\/\/api.w.org\/{rel}","templated":true}]}}