{"id":3413,"date":"2024-08-06T12:12:50","date_gmt":"2024-08-06T17:12:50","guid":{"rendered":"https:\/\/deninsonmendoza.com\/?p=3413"},"modified":"2024-08-06T12:12:51","modified_gmt":"2024-08-06T17:12:51","slug":"estamos-listos-para-una-nueva-migracion-desde-venezuela","status":"publish","type":"post","link":"https:\/\/deninsonmendoza.com\/index.php\/2024\/08\/06\/estamos-listos-para-una-nueva-migracion-desde-venezuela\/","title":{"rendered":"\u00bfEstamos listos para una nueva migraci\u00f3n desde Venezuela?"},"content":{"rendered":"\n<figure class=\"wp-block-image size-large is-resized\"><img loading=\"lazy\" decoding=\"async\" width=\"1024\" height=\"648\" src=\"https:\/\/deninsonmendoza.com\/wp-content\/uploads\/2024\/08\/migracion-venezolanos-colombia-1024x648.jpeg\" alt=\"\" class=\"wp-image-3414\" style=\"width:770px;height:auto\" srcset=\"https:\/\/deninsonmendoza.com\/wp-content\/uploads\/2024\/08\/migracion-venezolanos-colombia-1024x648.jpeg 1024w, https:\/\/deninsonmendoza.com\/wp-content\/uploads\/2024\/08\/migracion-venezolanos-colombia-300x190.jpeg 300w, https:\/\/deninsonmendoza.com\/wp-content\/uploads\/2024\/08\/migracion-venezolanos-colombia-768x486.jpeg 768w, https:\/\/deninsonmendoza.com\/wp-content\/uploads\/2024\/08\/migracion-venezolanos-colombia-450x285.jpeg 450w, https:\/\/deninsonmendoza.com\/wp-content\/uploads\/2024\/08\/migracion-venezolanos-colombia-780x494.jpeg 780w, https:\/\/deninsonmendoza.com\/wp-content\/uploads\/2024\/08\/migracion-venezolanos-colombia.jpeg 1280w\" sizes=\"auto, (max-width: 1024px) 100vw, 1024px\" \/><\/figure>\n\n\n\n<p>En medio de todo lo que ocurre en el vecino pa\u00eds, donde la ilegitimidad electoral puede generar que en los pr\u00f3ximos d\u00edas se presente una nueva ola de migrantes venezolanos hacia distintas partes del mundo, nos hace reflexionar si Colombia y Cali est\u00e1n preparadas para la posible llegads de ciudadanos extranjeros.&nbsp;<\/p>\n\n\n\n<p>Vamos a las cifras. La di\u00e1spora venezolana tom\u00f3 mayor fuerza por circunstancias derivadas de la pandemia que imposibilit\u00f3 la supervivencia en su pa\u00eds. <strong>M\u00e1s de 7.7 millones ciudadanos han salido hacia distintas partes del mundo<\/strong>, siendo Colombia el pa\u00eds que m\u00e1s ha recibido a su poblaci\u00f3n, por proximidad y oportunidad, nuestra tierra alberga, seg\u00fan datos de la Universidad del Rosario en enero de 2024, a 2.800.000 ciudadanos vecinos. Sin embargo, esta cifra podr\u00eda ser mucho m\u00e1s grande en la irregularidad de la recolecci\u00f3n de informaci\u00f3n.\u00a0<\/p>\n\n\n\n<p>Desde su llegada, m\u00e1s del 70% de los ciudadanos venezolanos que llegaron a Colombia se acogieron a los programas de las pol\u00edticas de regulaci\u00f3n que dispuso el gobierno nacional para su estad\u00eda. Las autoridades deben trabajar en estrategias que permitan su vinculaci\u00f3n laboral, que beneficia sus prop\u00f3sitos personales, pero que, al mismo tiempo, podr\u00eda permitir activar el desarrollo econ\u00f3mico y estructural del pa\u00eds. Y es que la migraci\u00f3n depende de con qu\u00e9 lente quieras mirarlo. Sin duda, la llegada de millones de personas en la \u00faltima d\u00e9cada pone en una encrucijada a cualquier gobierno, pero tambi\u00e9n depende de ese gobierno, c\u00f3mo reorienta los esfuerzos para incentivar el crecimiento en factores econ\u00f3micos, sociales, p\u00fablicos y de infraestructura.<\/p>\n\n\n\n<p>Actualmente, 1.9 millones de venezolanos que viven en nuestro pa\u00eds ya cuenta con el PPT (Permiso por Protecci\u00f3n Temporal) documento que se expide una vez se finalice el Estatuto Temporal de Protecci\u00f3n para Migrantes Venezolanos y, el 96% de ellos, en su primer a\u00f1o de estancia, ya cuenta con el Registro \u00danico de Migrantes Venezolanos. Entonces, eso indica que Colombia tiene <strong>1.6 millones de nuevas manos para construir pa\u00eds.\u00a0<\/strong><\/p>\n\n\n\n<p>Ahora bien, si es cierto que el reto de bajar las tasas de desempleo para los propios colombianos ha sido un verdadero reto y que los estragos econ\u00f3micos generados por la pandemia han impedido un correcto renacimiento de distintas industrias, no se puede desaprovechar una mano de obra que puede ayudar a reconstruir el tejido social del pa\u00eds.&nbsp;<\/p>\n\n\n\n<p>No podemos dejar que los \u00fanicos que les brinden garant\u00edas a esos migrantes sean las bandas delincuenciales, las guerrillas y los grupos criminales. El venezolano puede hacer del colombiano, y el colombiano a un venezolano, un mejor trabajador. Un equipo que puede aportar al desarrollo de la regi\u00f3n, como en nuestros inicios luchabamos por los intereses de la \u201cGran Colombia\u201d.<\/p>\n\n\n\n<p>El fraude electoral de Nicol\u00e1s Maduro en las recientes votaciones venezolanas, aumentar\u00e1 sin lugar a dudas la migraci\u00f3n, despu\u00e9s del leve descenso que tuvo en 2023 donde, seg\u00fan el Dane, tuvo una reducci\u00f3n del <strong>1.12% <\/strong>en comparaci\u00f3n con los a\u00f1os anteriores, y la consulta es: \u00bfSeguiremos haciendo como que no pasa nada \u00f3 daremos un paso entre todos para que estos hermanos se consoliden en nuestro territorio y nos ayuden en la reconstrucci\u00f3n de Colombia, de la mano con el Estado, la Academ\u00eda y el sector privado?. Ah\u00ed esta el reto Colombianos, y Venezolanos, ustedes tambi\u00e9n tienen otro reto, derrocar la dictadura.<\/p>\n\n\n\n<h2 class=\"wp-block-heading\"><strong>Mi video Columna<\/strong><\/h2>\n\n\n\n<figure class=\"wp-block-embed is-type-video is-provider-youtube wp-block-embed-youtube wp-embed-aspect-16-9 wp-has-aspect-ratio\"><div class=\"wp-block-embed__wrapper\">\n<iframe loading=\"lazy\" title=\"\u00bfEstamos preparados para una nueva migraci\u00f3n de venezolanos a Cali y a Colombia?\" width=\"1170\" height=\"658\" src=\"https:\/\/www.youtube.com\/embed\/byoZC1ioi14?feature=oembed\" frameborder=\"0\" allow=\"accelerometer; autoplay; clipboard-write; encrypted-media; gyroscope; picture-in-picture; web-share\" referrerpolicy=\"strict-origin-when-cross-origin\" allowfullscreen><\/iframe>\n<\/div><\/figure>\n","protected":false},"excerpt":{"rendered":"<p>En medio de todo lo que ocurre en el vecino pa\u00eds, donde la ilegitimidad electoral puede generar que en los pr\u00f3ximos d\u00edas se presente una nueva ola de migrantes venezolanos hacia distintas partes del mundo, nos hace reflexionar si Colombia y Cali est\u00e1n preparadas para la posible llegads de ciudadanos extranjeros.&nbsp; Vamos a las cifras. [&hellip;]<\/p>\n","protected":false},"author":1,"featured_media":3414,"comment_status":"open","ping_status":"open","sticky":false,"template":"","format":"standard","meta":{"om_disable_all_campaigns":false,"_monsterinsights_skip_tracking":false,"_monsterinsights_sitenote_active":false,"_monsterinsights_sitenote_note":"","_monsterinsights_sitenote_category":0,"footnotes":""},"categories":[18],"tags":[32,33,62,61,60],"class_list":{"0":"post-3413","1":"post","2":"type-post","3":"status-publish","4":"format-standard","5":"has-post-thumbnail","7":"category-opinion","8":"tag-cali","9":"tag-deninson","10":"tag-migracion","11":"tag-venezolanos","12":"tag-venezuela"},"aioseo_notices":[],"_links":{"self":[{"href":"https:\/\/deninsonmendoza.com\/index.php\/wp-json\/wp\/v2\/posts\/3413","targetHints":{"allow":["GET"]}}],"collection":[{"href":"https:\/\/deninsonmendoza.com\/index.php\/wp-json\/wp\/v2\/posts"}],"about":[{"href":"https:\/\/deninsonmendoza.com\/index.php\/wp-json\/wp\/v2\/types\/post"}],"author":[{"embeddable":true,"href":"https:\/\/deninsonmendoza.com\/index.php\/wp-json\/wp\/v2\/users\/1"}],"replies":[{"embeddable":true,"href":"https:\/\/deninsonmendoza.com\/index.php\/wp-json\/wp\/v2\/comments?post=3413"}],"version-history":[{"count":1,"href":"https:\/\/deninsonmendoza.com\/index.php\/wp-json\/wp\/v2\/posts\/3413\/revisions"}],"predecessor-version":[{"id":3416,"href":"https:\/\/deninsonmendoza.com\/index.php\/wp-json\/wp\/v2\/posts\/3413\/revisions\/3416"}],"wp:featuredmedia":[{"embeddable":true,"href":"https:\/\/deninsonmendoza.com\/index.php\/wp-json\/wp\/v2\/media\/3414"}],"wp:attachment":[{"href":"https:\/\/deninsonmendoza.com\/index.php\/wp-json\/wp\/v2\/media?parent=3413"}],"wp:term":[{"taxonomy":"category","embeddable":true,"href":"https:\/\/deninsonmendoza.com\/index.php\/wp-json\/wp\/v2\/categories?post=3413"},{"taxonomy":"post_tag","embeddable":true,"href":"https:\/\/deninsonmendoza.com\/index.php\/wp-json\/wp\/v2\/tags?post=3413"}],"curies":[{"name":"wp","href":"https:\/\/api.w.org\/{rel}","templated":true}]}}