{"id":3443,"date":"2024-09-23T13:46:50","date_gmt":"2024-09-23T18:46:50","guid":{"rendered":"https:\/\/deninsonmendoza.com\/?p=3443"},"modified":"2024-09-23T13:46:52","modified_gmt":"2024-09-23T18:46:52","slug":"donde-estan-los-bilingues-de-cali-nuestros-jovenes-no-saben-ingles","status":"publish","type":"post","link":"https:\/\/deninsonmendoza.com\/index.php\/2024\/09\/23\/donde-estan-los-bilingues-de-cali-nuestros-jovenes-no-saben-ingles\/","title":{"rendered":"\u00bfD\u00f3nde est\u00e1n los biling\u00fces de Cali? Nuestros j\u00f3venes no saben ingl\u00e9s"},"content":{"rendered":"\n<figure class=\"wp-block-image size-full\"><img loading=\"lazy\" decoding=\"async\" width=\"700\" height=\"317\" src=\"https:\/\/deninsonmendoza.com\/wp-content\/uploads\/2024\/09\/bilinguie-cali-deninson-mendoza.jpg\" alt=\"\" class=\"wp-image-3444\" srcset=\"https:\/\/deninsonmendoza.com\/wp-content\/uploads\/2024\/09\/bilinguie-cali-deninson-mendoza.jpg 700w, https:\/\/deninsonmendoza.com\/wp-content\/uploads\/2024\/09\/bilinguie-cali-deninson-mendoza-300x136.jpg 300w, https:\/\/deninsonmendoza.com\/wp-content\/uploads\/2024\/09\/bilinguie-cali-deninson-mendoza-450x204.jpg 450w\" sizes=\"auto, (max-width: 700px) 100vw, 700px\" \/><\/figure>\n\n\n\n<p>La llegada de la <strong>COP16 a Cali<\/strong> trae consigo enormes retos log\u00edsticos, uno de los cuales es la preparaci\u00f3n del personal que estar\u00e1 a cargo de la organizaci\u00f3n. No se trata solo de recibir a los principales actores en la discusi\u00f3n sobre el cambio clim\u00e1tico, sino de garantizar que nuestros j\u00f3venes est\u00e9n preparados para aprovechar esta oportunidad. Aqu\u00ed surge una pregunta clave: \u00bfcu\u00e1ntos de nuestros j\u00f3venes pueden comunicarse en ingl\u00e9s y responder a las demandas de un evento internacional de esta magnitud?<\/p>\n\n\n\n<p>Las cifras son alarmantes. Seg\u00fan las pruebas Saber Pro de 2023, el nivel de ingl\u00e9s de los j\u00f3venes cale\u00f1os est\u00e1 por debajo de lo b\u00e1sico, con <strong>90 de cada 100 estudiantes <\/strong>alcanzando el nivel A1 o inferior, y solo uno llegando al nivel B+. Esto revela una preocupante incapacidad para enfrentar las exigencias de un <a href=\"https:\/\/deninsonmendoza.com\/index.php\/2024\/09\/13\/los-calenos-necesitan-trabajo\/\">mundo laboral <\/a>cada vez m\u00e1s globalizado. \u00bfC\u00f3mo podremos entonces, en el corto plazo, enfrentar los desaf\u00edos de un evento como la COP16?<\/p>\n\n\n\n<p>La situaci\u00f3n se agrava al analizar la reducci\u00f3n en la matr\u00edcula escolar en 2023. Con 8.800 estudiantes menos que el a\u00f1o anterior, la deserci\u00f3n escolar es un claro obst\u00e1culo en la formaci\u00f3n de una fuerza laboral biling\u00fce. Y lo que es peor, esta realidad refleja profundas desigualdades: el acceso a materiales educativos, tecnolog\u00eda y docentes capacitados en ingl\u00e9s sigue siendo limitado, especialmente en las zonas m\u00e1s vulnerables.<\/p>\n\n\n\n<p>Si bien existen esfuerzos como el <strong>Parque Tecnol\u00f3gico San Fernando<\/strong>, que busca impulsar la internacionalizaci\u00f3n en la ciudad, a\u00fan falta una mayor integraci\u00f3n en los barrios a trav\u00e9s de distritos de innovaci\u00f3n. Estos deber\u00edan ser un puente entre las comunidades y las oportunidades de formaci\u00f3n, llevando las herramientas educativas directamente a las comunas y generando oportunidades desde la base.<\/p>\n\n\n\n<p>Es fundamental que la colaboraci\u00f3n entre el sector privado, p\u00fablico, las universidades y la comunidad (la llamada <strong>cu\u00e1druple h\u00e9lice<\/strong>) sea efectiva. Solo as\u00ed podremos crear din\u00e1micas que aseguren una educaci\u00f3n de calidad para nuestros j\u00f3venes, prepar\u00e1ndolos no solo para la COP16, sino para cualquier desaf\u00edo global.<\/p>\n\n\n\n<p><a href=\"https:\/\/deninsonmendoza.com\/index.php\/2024\/09\/16\/cali-se-fajo-con-el-mundial-y-con-las-peladas-de-colombia\/\">Cali tiene el potencial<\/a> de ser un centro de grandes eventos internacionales, pero sin una educaci\u00f3n que forme a nuestros j\u00f3venes en habilidades clave como el <strong>ingl\u00e9s,<\/strong> estaremos desaprovechando oportunidades valiosas para su futuro y el de la ciudad.<\/p>\n\n\n\n<figure class=\"wp-block-embed is-type-video is-provider-youtube wp-block-embed-youtube wp-embed-aspect-16-9 wp-has-aspect-ratio\"><div class=\"wp-block-embed__wrapper\">\n<iframe loading=\"lazy\" title=\"\u00bfD\u00f3nde est\u00e1n los biling\u00fces de Cali? Nuestros j\u00f3venes no saben ingl\u00e9s\" width=\"1170\" height=\"658\" src=\"https:\/\/www.youtube.com\/embed\/KQR36JgHjoE?feature=oembed\" frameborder=\"0\" allow=\"accelerometer; autoplay; clipboard-write; encrypted-media; gyroscope; picture-in-picture; web-share\" referrerpolicy=\"strict-origin-when-cross-origin\" allowfullscreen><\/iframe>\n<\/div><\/figure>\n","protected":false},"excerpt":{"rendered":"<p>La llegada de la COP16 a Cali trae consigo enormes retos log\u00edsticos, uno de los cuales es la preparaci\u00f3n del personal que estar\u00e1 a cargo de la organizaci\u00f3n. No se trata solo de recibir a los principales actores en la discusi\u00f3n sobre el cambio clim\u00e1tico, sino de garantizar que nuestros j\u00f3venes est\u00e9n preparados para aprovechar [&hellip;]<\/p>\n","protected":false},"author":1,"featured_media":3444,"comment_status":"open","ping_status":"open","sticky":false,"template":"","format":"standard","meta":{"om_disable_all_campaigns":false,"_monsterinsights_skip_tracking":false,"_monsterinsights_sitenote_active":false,"_monsterinsights_sitenote_note":"","_monsterinsights_sitenote_category":0,"footnotes":""},"categories":[18],"tags":[36,32,19,33,38],"class_list":{"0":"post-3443","1":"post","2":"type-post","3":"status-publish","4":"format-standard","5":"has-post-thumbnail","7":"category-opinion","8":"tag-alcalde","9":"tag-cali","10":"tag-colombia","11":"tag-deninson","12":"tag-deninson-mendoza"},"aioseo_notices":[],"_links":{"self":[{"href":"https:\/\/deninsonmendoza.com\/index.php\/wp-json\/wp\/v2\/posts\/3443","targetHints":{"allow":["GET"]}}],"collection":[{"href":"https:\/\/deninsonmendoza.com\/index.php\/wp-json\/wp\/v2\/posts"}],"about":[{"href":"https:\/\/deninsonmendoza.com\/index.php\/wp-json\/wp\/v2\/types\/post"}],"author":[{"embeddable":true,"href":"https:\/\/deninsonmendoza.com\/index.php\/wp-json\/wp\/v2\/users\/1"}],"replies":[{"embeddable":true,"href":"https:\/\/deninsonmendoza.com\/index.php\/wp-json\/wp\/v2\/comments?post=3443"}],"version-history":[{"count":1,"href":"https:\/\/deninsonmendoza.com\/index.php\/wp-json\/wp\/v2\/posts\/3443\/revisions"}],"predecessor-version":[{"id":3446,"href":"https:\/\/deninsonmendoza.com\/index.php\/wp-json\/wp\/v2\/posts\/3443\/revisions\/3446"}],"wp:featuredmedia":[{"embeddable":true,"href":"https:\/\/deninsonmendoza.com\/index.php\/wp-json\/wp\/v2\/media\/3444"}],"wp:attachment":[{"href":"https:\/\/deninsonmendoza.com\/index.php\/wp-json\/wp\/v2\/media?parent=3443"}],"wp:term":[{"taxonomy":"category","embeddable":true,"href":"https:\/\/deninsonmendoza.com\/index.php\/wp-json\/wp\/v2\/categories?post=3443"},{"taxonomy":"post_tag","embeddable":true,"href":"https:\/\/deninsonmendoza.com\/index.php\/wp-json\/wp\/v2\/tags?post=3443"}],"curies":[{"name":"wp","href":"https:\/\/api.w.org\/{rel}","templated":true}]}}