{"id":3464,"date":"2024-12-12T10:11:09","date_gmt":"2024-12-12T15:11:09","guid":{"rendered":"https:\/\/deninsonmendoza.com\/?p=3464"},"modified":"2024-12-18T10:09:41","modified_gmt":"2024-12-18T15:09:41","slug":"y-ahora-que-viene-para-el-amso-area-metropolitana-del-suroccidente","status":"publish","type":"post","link":"https:\/\/deninsonmendoza.com\/index.php\/2024\/12\/12\/y-ahora-que-viene-para-el-amso-area-metropolitana-del-suroccidente\/","title":{"rendered":"\u00bfY ahora qu\u00e9 viene para el AMSO: \u00bf\u00c1rea Metropolitana del Suroccidente?"},"content":{"rendered":"\n<figure class=\"wp-block-image size-large\"><img loading=\"lazy\" decoding=\"async\" width=\"1024\" height=\"576\" src=\"https:\/\/deninsonmendoza.com\/wp-content\/uploads\/2024\/05\/Santiago-de-Cali-2-2048x1152-1-1024x576.jpg\" alt=\"\" class=\"wp-image-3378\" srcset=\"https:\/\/deninsonmendoza.com\/wp-content\/uploads\/2024\/05\/Santiago-de-Cali-2-2048x1152-1-1024x576.jpg 1024w, https:\/\/deninsonmendoza.com\/wp-content\/uploads\/2024\/05\/Santiago-de-Cali-2-2048x1152-1-300x169.jpg 300w, https:\/\/deninsonmendoza.com\/wp-content\/uploads\/2024\/05\/Santiago-de-Cali-2-2048x1152-1-768x432.jpg 768w, https:\/\/deninsonmendoza.com\/wp-content\/uploads\/2024\/05\/Santiago-de-Cali-2-2048x1152-1-1536x864.jpg 1536w, https:\/\/deninsonmendoza.com\/wp-content\/uploads\/2024\/05\/Santiago-de-Cali-2-2048x1152-1-450x253.jpg 450w, https:\/\/deninsonmendoza.com\/wp-content\/uploads\/2024\/05\/Santiago-de-Cali-2-2048x1152-1-780x439.jpg 780w, https:\/\/deninsonmendoza.com\/wp-content\/uploads\/2024\/05\/Santiago-de-Cali-2-2048x1152-1-1600x900.jpg 1600w, https:\/\/deninsonmendoza.com\/wp-content\/uploads\/2024\/05\/Santiago-de-Cali-2-2048x1152-1.jpg 2048w\" sizes=\"auto, (max-width: 1024px) 100vw, 1024px\" \/><\/figure>\n\n\n\n<p><span style=\"font-family: Aptos, sans-serif; font-size: 11pt; color: rgb(17, 17, 17); text-align: justify; white-space: normal;\">Con la reciente aprobaci\u00f3n del \u00c1rea Metropolitana del Suroccidente, los municipios de Cali, Jamund\u00ed y Puerto Tejada han dado un paso clave hacia la integraci\u00f3n regional. Este avance marca el inicio de una oportunidad hist\u00f3rica para transformar la regi\u00f3n, permitiendo abordar retos comunes con soluciones colectivas en \u00e1reas cr\u00edticas como la movilidad, la seguridad y la salud. Sin embargo, este hito plantea una pregunta crucial: \u00bfc\u00f3mo materializamos este potencial para que las promesas de integraci\u00f3n se conviertan en resultados concretos?<\/span><p class=\"p2\" style=\"margin: 0cm; font-size: 17.5pt; font-family: &quot;.AppleSystemUIFont&quot;, serif; color: rgb(17, 17, 17); white-space: normal; text-align: justify;\"><span style=\"font-size: 11pt; font-family: Aptos, sans-serif;\">\u00a0<\/span><\/p><p class=\"p1\" style=\"margin: 0cm; font-size: 17.5pt; font-family: &quot;.AppleSystemUIFont&quot;, serif; color: rgb(17, 17, 17); white-space: normal; text-align: justify;\"><span class=\"s3\" style=\"font-family: UICTFontTextStyleBody, serif;\"><span style=\"font-size: 11pt; font-family: Aptos, sans-serif;\">El primer paso ser\u00e1 definir las prioridades estrat\u00e9gicas y los recursos necesarios para financiar proyectos que beneficien a los m\u00e1s de tres millones de habitantes de la regi\u00f3n. Es indispensable garantizar que el presupuesto se distribuya con equidad, bas\u00e1ndose en las necesidades espec\u00edficas de cada municipio. Cali, como ciudad principal, debe liderar esta agenda aportando no solo su capacidad econ\u00f3mica, sino su experiencia t\u00e9cnica para el dise\u00f1o de proyectos conjuntos. El desaf\u00edo ser\u00e1 asegurarse de que este liderazgo sea inclusivo y que los beneficios lleguen por igual a Jamund\u00ed y Puerto Tejada.<\/span><\/span><span style=\"font-size: 11pt; font-family: Aptos, sans-serif;\"><\/span><\/p><p class=\"p2\" style=\"margin: 0cm; font-size: 17.5pt; font-family: &quot;.AppleSystemUIFont&quot;, serif; color: rgb(17, 17, 17); white-space: normal; text-align: justify;\"><span style=\"font-size: 11pt; font-family: Aptos, sans-serif;\">\u00a0<\/span><\/p><p class=\"p1\" style=\"margin: 0cm; font-size: 17.5pt; font-family: &quot;.AppleSystemUIFont&quot;, serif; color: rgb(17, 17, 17); white-space: normal; text-align: justify;\"><span class=\"s3\" style=\"font-family: UICTFontTextStyleBody, serif;\"><span style=\"font-size: 11pt; font-family: Aptos, sans-serif;\">En el caso de Jamund\u00ed, la coordinaci\u00f3n regional se presenta como una oportunidad para enfrentar su principal reto: la seguridad. La integraci\u00f3n permitir\u00e1 compartir recursos y estrategias con Cali para fortalecer la infraestructura de seguridad en un municipio que ha experimentado un crecimiento acelerado, pero desordenado. A la vez, esta uni\u00f3n deber\u00e1 priorizar un crecimiento urbano sostenible, asegurando que el desarrollo inmobiliario vaya de la mano con inversiones en servicios p\u00fablicos, movilidad y equipamientos comunitarios.<\/span><\/span><span style=\"font-size: 11pt; font-family: Aptos, sans-serif;\"><\/span><\/p><p class=\"p2\" style=\"margin: 0cm; font-size: 17.5pt; font-family: &quot;.AppleSystemUIFont&quot;, serif; color: rgb(17, 17, 17); white-space: normal; text-align: justify;\"><span style=\"font-size: 11pt; font-family: Aptos, sans-serif;\">\u00a0<\/span><\/p><p class=\"p1\" style=\"margin: 0cm; font-size: 17.5pt; font-family: &quot;.AppleSystemUIFont&quot;, serif; color: rgb(17, 17, 17); white-space: normal; text-align: justify;\"><span class=\"s3\" style=\"font-family: UICTFontTextStyleBody, serif;\"><span style=\"font-size: 11pt; font-family: Aptos, sans-serif;\">Por otro lado, Puerto Tejada, hist\u00f3ricamente marginado en t\u00e9rminos de servicios de calidad, podr\u00e1 acceder a un modelo de colaboraci\u00f3n que transforme su realidad. La mejora en infraestructura sanitaria y el fortalecimiento de redes de atenci\u00f3n en salud son objetivos inmediatos que deben cumplirse para cerrar brechas sociales. Asimismo, proyectos de desarrollo urbano, conectividad vial y fortalecimiento social ser\u00e1n clave para integrarlo plenamente al \u00e1rea metropolitana y asegurar que su poblaci\u00f3n se beneficie de manera tangible de esta iniciativa.<\/span><\/span><span style=\"font-size: 11pt; font-family: Aptos, sans-serif;\"><\/span><\/p><p class=\"p2\" style=\"margin: 0cm; font-size: 17.5pt; font-family: &quot;.AppleSystemUIFont&quot;, serif; color: rgb(17, 17, 17); white-space: normal; text-align: justify;\"><span style=\"font-size: 11pt; font-family: Aptos, sans-serif;\">\u00a0<\/span><\/p><p class=\"p1\" style=\"margin: 0cm; font-size: 17.5pt; font-family: &quot;.AppleSystemUIFont&quot;, serif; color: rgb(17, 17, 17); white-space: normal; text-align: justify;\"><span class=\"s3\" style=\"font-family: UICTFontTextStyleBody, serif;\"><span style=\"font-size: 11pt; font-family: Aptos, sans-serif;\">Es fundamental que la implementaci\u00f3n del \u00c1rea Metropolitana no se quede solo en planes y promesas. Para avanzar, los tres municipios deber\u00e1n acordar un plan de acci\u00f3n conjunto, establecer una gobernanza efectiva y definir los mecanismos de financiamiento. Adem\u00e1s, es crucial que las comunidades participen en el proceso, no solo como beneficiarias, sino como actores activos que ayuden a priorizar las necesidades y eval\u00faen los avances. Este enfoque colaborativo ser\u00e1 la base para garantizar el \u00e9xito y la sostenibilidad de la integraci\u00f3n regional.<\/span><\/span><span style=\"font-size: 11pt; font-family: Aptos, sans-serif;\"><\/span><\/p><p class=\"p2\" style=\"margin: 0cm; font-size: 17.5pt; font-family: &quot;.AppleSystemUIFont&quot;, serif; color: rgb(17, 17, 17); white-space: normal; text-align: justify;\"><span style=\"font-size: 11pt; font-family: Aptos, sans-serif;\">\u00a0<\/span><\/p><p class=\"p1\" style=\"margin: 0cm; font-size: 17.5pt; font-family: &quot;.AppleSystemUIFont&quot;, serif; color: rgb(17, 17, 17); white-space: normal; text-align: justify;\"><span class=\"s3\" style=\"font-family: UICTFontTextStyleBody, serif;\"><span style=\"font-size: 11pt; font-family: Aptos, sans-serif;\">Por \u00faltimo, es importante se\u00f1alar que los municipios que votaron por NO vincularse al \u00e1rea metropolitana, as\u00ed como Yumbo, que ni siquiera realiz\u00f3 elecciones, tendr\u00e1n la oportunidad en el futuro de unirse a este proyecto. Con mandatarios que no est\u00e9n atados a oferentes de servicios p\u00fablicos, como el transporte, o que no prioricen intereses pol\u00edticos particulares sobre el bien com\u00fan, se abrir\u00e1 la posibilidad de una integraci\u00f3n m\u00e1s amplia. Esto permitir\u00eda que toda la regi\u00f3n aproveche los beneficios de una gobernanza compartida, reafirmando el verdadero prop\u00f3sito de esta \u00e1rea metropolitana: el desarrollo sostenible y equitativo para todos sus habitantes.<\/span><\/span><span style=\"font-size: 11pt; font-family: Aptos, sans-serif;\"><\/span><\/p><\/p>\n\n\n\n<figure class=\"wp-block-embed is-type-video is-provider-youtube wp-block-embed-youtube wp-embed-aspect-16-9 wp-has-aspect-ratio\"><div class=\"wp-block-embed__wrapper\">\n<iframe loading=\"lazy\" title=\"#ColumnaDeOpini\u00f3n - Estos son los resultados del \u00c1rea Metropolitana del Suroccidente\" width=\"1170\" height=\"658\" src=\"https:\/\/www.youtube.com\/embed\/XeKz8juIOUI?feature=oembed\" frameborder=\"0\" allow=\"accelerometer; autoplay; clipboard-write; encrypted-media; gyroscope; picture-in-picture; web-share\" referrerpolicy=\"strict-origin-when-cross-origin\" allowfullscreen><\/iframe>\n<\/div><\/figure>\n","protected":false},"excerpt":{"rendered":"<p>Con la reciente aprobaci\u00f3n del \u00c1rea Metropolitana del Suroccidente, los municipios de Cali, Jamund\u00ed y Puerto Tejada han dado un paso clave hacia la integraci\u00f3n regional. Este avance marca el inicio de una oportunidad hist\u00f3rica para transformar la regi\u00f3n, permitiendo abordar retos comunes con soluciones colectivas en \u00e1reas cr\u00edticas como la movilidad, la seguridad y [&hellip;]<\/p>\n","protected":false},"author":1,"featured_media":3378,"comment_status":"open","ping_status":"open","sticky":false,"template":"","format":"standard","meta":{"om_disable_all_campaigns":false,"_monsterinsights_skip_tracking":false,"_monsterinsights_sitenote_active":false,"_monsterinsights_sitenote_note":"","_monsterinsights_sitenote_category":0,"footnotes":""},"categories":[18],"tags":[],"class_list":{"0":"post-3464","1":"post","2":"type-post","3":"status-publish","4":"format-standard","5":"has-post-thumbnail","7":"category-opinion"},"aioseo_notices":[],"_links":{"self":[{"href":"https:\/\/deninsonmendoza.com\/index.php\/wp-json\/wp\/v2\/posts\/3464","targetHints":{"allow":["GET"]}}],"collection":[{"href":"https:\/\/deninsonmendoza.com\/index.php\/wp-json\/wp\/v2\/posts"}],"about":[{"href":"https:\/\/deninsonmendoza.com\/index.php\/wp-json\/wp\/v2\/types\/post"}],"author":[{"embeddable":true,"href":"https:\/\/deninsonmendoza.com\/index.php\/wp-json\/wp\/v2\/users\/1"}],"replies":[{"embeddable":true,"href":"https:\/\/deninsonmendoza.com\/index.php\/wp-json\/wp\/v2\/comments?post=3464"}],"version-history":[{"count":2,"href":"https:\/\/deninsonmendoza.com\/index.php\/wp-json\/wp\/v2\/posts\/3464\/revisions"}],"predecessor-version":[{"id":3478,"href":"https:\/\/deninsonmendoza.com\/index.php\/wp-json\/wp\/v2\/posts\/3464\/revisions\/3478"}],"wp:featuredmedia":[{"embeddable":true,"href":"https:\/\/deninsonmendoza.com\/index.php\/wp-json\/wp\/v2\/media\/3378"}],"wp:attachment":[{"href":"https:\/\/deninsonmendoza.com\/index.php\/wp-json\/wp\/v2\/media?parent=3464"}],"wp:term":[{"taxonomy":"category","embeddable":true,"href":"https:\/\/deninsonmendoza.com\/index.php\/wp-json\/wp\/v2\/categories?post=3464"},{"taxonomy":"post_tag","embeddable":true,"href":"https:\/\/deninsonmendoza.com\/index.php\/wp-json\/wp\/v2\/tags?post=3464"}],"curies":[{"name":"wp","href":"https:\/\/api.w.org\/{rel}","templated":true}]}}