{"id":3469,"date":"2024-12-12T10:19:47","date_gmt":"2024-12-12T15:19:47","guid":{"rendered":"https:\/\/deninsonmendoza.com\/?p=3469"},"modified":"2024-12-12T10:19:49","modified_gmt":"2024-12-12T15:19:49","slug":"los-principales-retos-de-crecimiento-para-el-valle-del-cauca-en-2025","status":"publish","type":"post","link":"https:\/\/deninsonmendoza.com\/index.php\/2024\/12\/12\/los-principales-retos-de-crecimiento-para-el-valle-del-cauca-en-2025\/","title":{"rendered":"Los Principales Retos de Crecimiento para el Valle del Cauca en 2025"},"content":{"rendered":"\n<figure class=\"wp-block-image size-full\"><img loading=\"lazy\" decoding=\"async\" width=\"600\" height=\"338\" src=\"https:\/\/deninsonmendoza.com\/wp-content\/uploads\/2024\/12\/rio-cauca.jpg\" alt=\"\" class=\"wp-image-3470\" srcset=\"https:\/\/deninsonmendoza.com\/wp-content\/uploads\/2024\/12\/rio-cauca.jpg 600w, https:\/\/deninsonmendoza.com\/wp-content\/uploads\/2024\/12\/rio-cauca-300x169.jpg 300w, https:\/\/deninsonmendoza.com\/wp-content\/uploads\/2024\/12\/rio-cauca-450x254.jpg 450w\" sizes=\"auto, (max-width: 600px) 100vw, 600px\" \/><\/figure>\n\n\n\n<p>El Valle del Cauca desempe\u00f1a un rol fundamental en la agricultura, la industria y el turismo nacional, sectores que requieren innovaci\u00f3n y tecnolog\u00eda como motores clave para su evoluci\u00f3n. Sin embargo, el desarrollo sostenible y equitativo en 2025 depender\u00e1 de c\u00f3mo la regi\u00f3n enfrente desaf\u00edos estructurales como la recuperaci\u00f3n econ\u00f3mica postpandemia, la adaptaci\u00f3n a tendencias globales y la mejora de su competitividad.<\/p>\n\n\n\n<p>Uno de los mayores retos es el empleo y la calidad laboral. Aunque la tasa de desempleo ha disminuido, en 2023 todav\u00eda se situaba en un preocupante 11.7%. La informalidad laboral afecta significativamente a las nuevas generaciones, dificultando su acceso a empleos formales de calidad. Para 2025, ser\u00e1 fundamental fomentar empleos formales, incorporar tecnolog\u00eda en los procesos productivos y ofrecer capacitaci\u00f3n t\u00e9cnica que prepare a la fuerza laboral para un mercado cada vez m\u00e1s digital y competitivo.<\/p>\n\n\n\n<p>En infraestructura, el Valle del Cauca necesita modernizar su red vial y mejorar la conectividad regional. Aunque cuenta con una de las redes m\u00e1s amplias del pa\u00eds, las zonas rurales y los corredores productivos presentan carencias que limitan la competitividad. Adicionalmente, el aeropuerto Alfonso Bonilla Arag\u00f3n requiere expansi\u00f3n para fortalecer su conectividad internacional, lo que potenciar\u00eda el comercio exterior y el turismo. Adicionalmente se requiere que el proyecto Tren de Cercan\u00edas arranque.<\/p>\n\n\n\n<p>El sector tur\u00edstico tambi\u00e9n enfrenta importantes desaf\u00edos. Aunque la regi\u00f3n posee un rico patrimonio cultural y natural, el turismo no se ha recuperado completamente tras la pandemia. En 2025 ser\u00e1 crucial diversificar la oferta, fortalecer la infraestructura tur\u00edstica y posicionar a Cali como un centro de eventos internacionales. La colaboraci\u00f3n entre el sector p\u00fablico y privado ser\u00e1 determinante para consolidar al Valle como un destino atractivo y competitivo.<\/p>\n\n\n\n<p>En el \u00e1mbito educativo, la cobertura sigue siendo limitada, especialmente en la educaci\u00f3n superior, con solo un 47% de alcance. Para garantizar un desarrollo inclusivo, ser\u00e1 necesario ampliar los programas t\u00e9cnicos y tecnol\u00f3gicos en las zonas rurales y fomentar alianzas entre universidades y empresas para formar talento humano con habilidades alineadas a las demandas del mercado global, para lo cual NIDO el Distrito de Innovaci\u00f3n tendr\u00e1&nbsp;un papel relevante.<\/p>\n\n\n\n<p>Finalmente, la seguridad se presenta como un desaf\u00edo prioritario para la regi\u00f3n. En 2023, el Valle del Cauca registr\u00f3 m\u00e1s de 3,000 homicidios, situ\u00e1ndose entre los departamentos con las cifras m\u00e1s altas del pa\u00eds. Cali, su capital, sigue siendo una de las ciudades m\u00e1s violentas de Colombia. Para 2025, ser\u00e1 crucial implementar estrategias integrales que incluyan prevenci\u00f3n, fortalecimiento de la justicia y mayor presencia de las autoridades en zonas de conflicto, de manera que se reduzca la criminalidad y se promueva un entorno seguro para el desarrollo econ\u00f3mico y social.<\/p>\n\n\n\n<p>En s\u00edntesis, el Valle del Cauca tiene retos complejos en empleo, infraestructura, turismo, educaci\u00f3n y seguridad. Solo un enfoque estrat\u00e9gico y colaborativo entre gobiernos, empresas y ciudadanos permitir\u00e1 transformar estos desaf\u00edos en oportunidades para un crecimiento sostenible y equitativo en 2025.<\/p>\n","protected":false},"excerpt":{"rendered":"<p>El Valle del Cauca desempe\u00f1a un rol fundamental en la agricultura, la industria y el turismo nacional, sectores que requieren innovaci\u00f3n y tecnolog\u00eda como motores clave para su evoluci\u00f3n. Sin embargo, el desarrollo sostenible y equitativo en 2025 depender\u00e1 de c\u00f3mo la regi\u00f3n enfrente desaf\u00edos estructurales como la recuperaci\u00f3n econ\u00f3mica postpandemia, la adaptaci\u00f3n a tendencias [&hellip;]<\/p>\n","protected":false},"author":1,"featured_media":3470,"comment_status":"open","ping_status":"open","sticky":false,"template":"","format":"standard","meta":{"om_disable_all_campaigns":false,"_monsterinsights_skip_tracking":false,"_monsterinsights_sitenote_active":false,"_monsterinsights_sitenote_note":"","_monsterinsights_sitenote_category":0,"footnotes":""},"categories":[18],"tags":[],"class_list":{"0":"post-3469","1":"post","2":"type-post","3":"status-publish","4":"format-standard","5":"has-post-thumbnail","7":"category-opinion"},"aioseo_notices":[],"_links":{"self":[{"href":"https:\/\/deninsonmendoza.com\/index.php\/wp-json\/wp\/v2\/posts\/3469","targetHints":{"allow":["GET"]}}],"collection":[{"href":"https:\/\/deninsonmendoza.com\/index.php\/wp-json\/wp\/v2\/posts"}],"about":[{"href":"https:\/\/deninsonmendoza.com\/index.php\/wp-json\/wp\/v2\/types\/post"}],"author":[{"embeddable":true,"href":"https:\/\/deninsonmendoza.com\/index.php\/wp-json\/wp\/v2\/users\/1"}],"replies":[{"embeddable":true,"href":"https:\/\/deninsonmendoza.com\/index.php\/wp-json\/wp\/v2\/comments?post=3469"}],"version-history":[{"count":1,"href":"https:\/\/deninsonmendoza.com\/index.php\/wp-json\/wp\/v2\/posts\/3469\/revisions"}],"predecessor-version":[{"id":3471,"href":"https:\/\/deninsonmendoza.com\/index.php\/wp-json\/wp\/v2\/posts\/3469\/revisions\/3471"}],"wp:featuredmedia":[{"embeddable":true,"href":"https:\/\/deninsonmendoza.com\/index.php\/wp-json\/wp\/v2\/media\/3470"}],"wp:attachment":[{"href":"https:\/\/deninsonmendoza.com\/index.php\/wp-json\/wp\/v2\/media?parent=3469"}],"wp:term":[{"taxonomy":"category","embeddable":true,"href":"https:\/\/deninsonmendoza.com\/index.php\/wp-json\/wp\/v2\/categories?post=3469"},{"taxonomy":"post_tag","embeddable":true,"href":"https:\/\/deninsonmendoza.com\/index.php\/wp-json\/wp\/v2\/tags?post=3469"}],"curies":[{"name":"wp","href":"https:\/\/api.w.org\/{rel}","templated":true}]}}